{"id":42856,"date":"2024-08-06T03:50:05","date_gmt":"2024-08-06T08:50:05","guid":{"rendered":"https:\/\/contraluzcucuta.co\/?p=42856"},"modified":"2024-08-06T03:50:05","modified_gmt":"2024-08-06T08:50:05","slug":"proyecto-de-acuerdo-024-asistencia-a-animales-en-condicion-de-discapacidad","status":"publish","type":"post","link":"https:\/\/contraluzcucuta.co\/?p=42856","title":{"rendered":"PROYECTO DE ACUERDO 024. Asistencia a animales en condici\u00f3n de discapacidad"},"content":{"rendered":"<p style=\"padding-left: 40px; text-align: right;\"><strong><span style=\"color: #ff9900;\">C\u00daCUTA.- Sim\u00f3n (French Poodle), tiene 9 a\u00f1os y desde los 2 usa silla de ruedas en remplazo de las patas traseras. Erika Pinz\u00f3n es la propietaria y lleva 7 a\u00f1os lidiando con la discapacidad f\u00edsica de su mascota. \u201cLe damos gracias al Concejo de C\u00facuta por esta iniciativa y esta oportunidad para estos animalitos\u201d.<\/span><\/strong><\/p>\n<p><a href=\"https:\/\/contraluzcucuta.co\/wp-content\/uploads\/2024\/08\/CONCEJO-MASCOTAS-2.jpeg\"><img loading=\"lazy\" decoding=\"async\" class=\"alignnone  wp-image-42858 alignleft\" src=\"https:\/\/contraluzcucuta.co\/wp-content\/uploads\/2024\/08\/CONCEJO-MASCOTAS-2-300x225.jpeg\" alt=\"\" width=\"233\" height=\"175\" srcset=\"https:\/\/contraluzcucuta.co\/wp-content\/uploads\/2024\/08\/CONCEJO-MASCOTAS-2-300x225.jpeg 300w, https:\/\/contraluzcucuta.co\/wp-content\/uploads\/2024\/08\/CONCEJO-MASCOTAS-2-600x450.jpeg 600w, https:\/\/contraluzcucuta.co\/wp-content\/uploads\/2024\/08\/CONCEJO-MASCOTAS-2-1024x768.jpeg 1024w, https:\/\/contraluzcucuta.co\/wp-content\/uploads\/2024\/08\/CONCEJO-MASCOTAS-2-768x576.jpeg 768w, https:\/\/contraluzcucuta.co\/wp-content\/uploads\/2024\/08\/CONCEJO-MASCOTAS-2.jpeg 1280w\" sizes=\"auto, (max-width: 233px) 100vw, 233px\" \/><\/a><\/p>\n<p>En el escritorio del alcalde Jorge Acevedo reposa el proyecto de acuerdo 024 que institucionaliza y reglamenta la entrega de dispositivos para animales dom\u00e9sticos en condici\u00f3n de discapacidad. El Concejo, luego de los respectivos debates, aprob\u00f3 la iniciativa que busca auxiliar a los animales v\u00edctima de accidentes o que nacieron con discapacidades.<\/p>\n<p>El presidente de la corporaci\u00f3n Edison Contreras dijo que se \u201cvuelve a dar apoyo a las mascotas. Es importante e interesante darles asistencia a estos animales que son atropellados o maltratados\u201d.<\/p>\n<p>Durante la sesi\u00f3n los concejales reiteraron que el proyecto no afecta las finanzas del municipio, ni la consolidaci\u00f3n del Plan de Desarrollo. Adem\u00e1s, fue reforzado por el concepto entregado por la secretar\u00eda de Hacienda del Municipio.<\/p>\n<p>El concejal Jefferson Castellanos fue el ponente y estudi\u00f3 la viabilidad de la iniciativa animalista. \u201cPresent\u00e9 ponencia positiva desde el impacto social y le damos las herramientas a la administraci\u00f3n municipal para que estos animales puedan llevar un d\u00eda a d\u00eda mejor en su vida\u201d.<\/p>\n<p>Al recinto del Concejo fueron llevados varios animales con necesidades. El promotor de la iniciativa agradeci\u00f3 el apoyo de todos los concejales y reiter\u00f3 que el compromiso de los integrantes del Concejo de C\u00facuta es seguir luchando por mejorar las condiciones de vida de todos los animales de la regi\u00f3n y mostrar adem\u00e1s toda la fauna con la que cuenta la ciudad.<\/p>\n","protected":false},"excerpt":{"rendered":"<p>C\u00daCUTA.- Sim\u00f3n (French Poodle), tiene 9 a\u00f1os y desde los 2 usa silla de ruedas en remplazo de las patas traseras. Erika Pinz\u00f3n es la propietaria y lleva 7 a\u00f1os lidiando con la discapacidad f\u00edsica de su mascota. \u201cLe damos gracias al Concejo de C\u00facuta por esta iniciativa y esta oportunidad para estos animalitos\u201d. En &hellip;<\/p>\n","protected":false},"author":1,"featured_media":42857,"comment_status":"open","ping_status":"open","sticky":false,"template":"","format":"standard","meta":{"footnotes":""},"categories":[2625,4],"tags":[5950,197,6553],"class_list":["post-42856","post","type-post","status-publish","format-standard","has-post-thumbnail","hentry","category-alcaldia-de-cucuta","category-barra","tag-alcalde-jorge-acevedo","tag-concejo-de-cucuta","tag-secretaria-de-hacienda-del-municipio"],"_links":{"self":[{"href":"https:\/\/contraluzcucuta.co\/index.php?rest_route=\/wp\/v2\/posts\/42856","targetHints":{"allow":["GET"]}}],"collection":[{"href":"https:\/\/contraluzcucuta.co\/index.php?rest_route=\/wp\/v2\/posts"}],"about":[{"href":"https:\/\/contraluzcucuta.co\/index.php?rest_route=\/wp\/v2\/types\/post"}],"author":[{"embeddable":true,"href":"https:\/\/contraluzcucuta.co\/index.php?rest_route=\/wp\/v2\/users\/1"}],"replies":[{"embeddable":true,"href":"https:\/\/contraluzcucuta.co\/index.php?rest_route=%2Fwp%2Fv2%2Fcomments&post=42856"}],"version-history":[{"count":1,"href":"https:\/\/contraluzcucuta.co\/index.php?rest_route=\/wp\/v2\/posts\/42856\/revisions"}],"predecessor-version":[{"id":42859,"href":"https:\/\/contraluzcucuta.co\/index.php?rest_route=\/wp\/v2\/posts\/42856\/revisions\/42859"}],"wp:featuredmedia":[{"embeddable":true,"href":"https:\/\/contraluzcucuta.co\/index.php?rest_route=\/wp\/v2\/media\/42857"}],"wp:attachment":[{"href":"https:\/\/contraluzcucuta.co\/index.php?rest_route=%2Fwp%2Fv2%2Fmedia&parent=42856"}],"wp:term":[{"taxonomy":"category","embeddable":true,"href":"https:\/\/contraluzcucuta.co\/index.php?rest_route=%2Fwp%2Fv2%2Fcategories&post=42856"},{"taxonomy":"post_tag","embeddable":true,"href":"https:\/\/contraluzcucuta.co\/index.php?rest_route=%2Fwp%2Fv2%2Ftags&post=42856"}],"curies":[{"name":"wp","href":"https:\/\/api.w.org\/{rel}","templated":true}]}}