{"id":42842,"date":"2024-08-05T04:30:04","date_gmt":"2024-08-05T09:30:04","guid":{"rendered":"https:\/\/contraluzcucuta.co\/?p=42842"},"modified":"2024-08-05T04:30:04","modified_gmt":"2024-08-05T09:30:04","slug":"cancer-de-mama-400-mujeres-participaron-en-jornada-de-deteccion-temprana","status":"publish","type":"post","link":"https:\/\/contraluzcucuta.co\/?p=42842","title":{"rendered":"C\u00c1NCER DE MAMA. 400 mujeres participaron en jornada de detecci\u00f3n temprana"},"content":{"rendered":"<p style=\"padding-left: 40px; text-align: right;\"><strong><span style=\"color: #ff9900;\">C\u00daCUTA.- La Unidad B\u00e1sica del barrio Comuneros (C\u00facuta) recibi\u00f3 a 400 pacientes que se sometieron a mamograf\u00edas, ex\u00e1menes cl\u00ednicos, ecograf\u00edas y biopsias para la detecci\u00f3n temprana de c\u00e1ncer de mama. La iniciativa reducir\u00e1 el tiempo de diagn\u00f3stico a 7 d\u00edas.<\/span><\/strong><\/p>\n<p>La jornada, organizada por la Gobernaci\u00f3n de Norte de Santander, el Instituto Departamental de Salud, la firma Roche y las alcald\u00edas de C\u00facuta y Villa del Rosario permiti\u00f3 a las mujeres recibir atenci\u00f3n integral.<\/p>\n<p>\u201cLa clave es que garanticemos que todas las personas tengan la oportunidad de recibir la atenci\u00f3n m\u00e9dica que requieren, indiferente de su nacionalidad\u201d, dijo el gobernador William Villamizar. C\u00facuta cuenta con 217.178 migrantes, 32,5 % mujeres en edades de riesgo, seg\u00fan Migraci\u00f3n Colombia.<\/p>\n<p><a href=\"https:\/\/contraluzcucuta.co\/wp-content\/uploads\/2024\/08\/CANCER-DE-MAMA-1-scaled.jpg\"><img loading=\"lazy\" decoding=\"async\" class=\"alignnone  wp-image-42844 alignleft\" src=\"https:\/\/contraluzcucuta.co\/wp-content\/uploads\/2024\/08\/CANCER-DE-MAMA-1-300x200.jpg\" alt=\"\" width=\"248\" height=\"165\" srcset=\"https:\/\/contraluzcucuta.co\/wp-content\/uploads\/2024\/08\/CANCER-DE-MAMA-1-300x200.jpg 300w, https:\/\/contraluzcucuta.co\/wp-content\/uploads\/2024\/08\/CANCER-DE-MAMA-1-600x400.jpg 600w, https:\/\/contraluzcucuta.co\/wp-content\/uploads\/2024\/08\/CANCER-DE-MAMA-1-1024x683.jpg 1024w, https:\/\/contraluzcucuta.co\/wp-content\/uploads\/2024\/08\/CANCER-DE-MAMA-1-768x512.jpg 768w, https:\/\/contraluzcucuta.co\/wp-content\/uploads\/2024\/08\/CANCER-DE-MAMA-1-1536x1024.jpg 1536w, https:\/\/contraluzcucuta.co\/wp-content\/uploads\/2024\/08\/CANCER-DE-MAMA-1-2048x1365.jpg 2048w, https:\/\/contraluzcucuta.co\/wp-content\/uploads\/2024\/08\/CANCER-DE-MAMA-1-310x205.jpg 310w\" sizes=\"auto, (max-width: 248px) 100vw, 248px\" \/><\/a><\/p>\n<p>Previo a la jornada, 180 profesionales de la salud fueron capacitados sobre detecci\u00f3n temprana de c\u00e1ncer de mama, c\u00e1ncer de c\u00e9rvix y humanizaci\u00f3n del cuidado en salud, con el objetivo de fortalecer las capacidades t\u00e9cnicas.<\/p>\n<p>La jornada es un paso significativo en la promoci\u00f3n de la salud y el bienestar de las mujeres. La detecci\u00f3n temprana, la educaci\u00f3n en salud y el acceso a servicios especializados son pilares fundamentales en la lucha contra la enfermedad.<\/p>\n<p>\u201cEstamos creando soluciones para mejorar el acceso a la atenci\u00f3n integral del c\u00e1ncer femenino, contribuyendo as\u00ed a un modelo de salud preventivo y predictivo\u201d, coment\u00f3 la gerente general de Roche, Marieli Alfonzo.<\/p>\n<p>Luis Tob\u00f3n \u2013 Gobernaci\u00f3n de Norte de Santander<\/p>\n","protected":false},"excerpt":{"rendered":"<p>C\u00daCUTA.- La Unidad B\u00e1sica del barrio Comuneros (C\u00facuta) recibi\u00f3 a 400 pacientes que se sometieron a mamograf\u00edas, ex\u00e1menes cl\u00ednicos, ecograf\u00edas y biopsias para la detecci\u00f3n temprana de c\u00e1ncer de mama. La iniciativa reducir\u00e1 el tiempo de diagn\u00f3stico a 7 d\u00edas. La jornada, organizada por la Gobernaci\u00f3n de Norte de Santander, el Instituto Departamental de Salud, &hellip;<\/p>\n","protected":false},"author":1,"featured_media":42843,"comment_status":"open","ping_status":"open","sticky":false,"template":"","format":"standard","meta":{"footnotes":""},"categories":[4,32],"tags":[226,3462,1797,379,808,6550],"class_list":["post-42842","post","type-post","status-publish","format-standard","has-post-thumbnail","hentry","category-barra","category-recorrido-por-la-region","tag-alcaldia-de-cucuta","tag-alcaldia-de-villa-del-rosario","tag-cancer-de-mama","tag-gobernacion-de-norte-de-santander","tag-instituto-departamental-de-salud","tag-roche"],"_links":{"self":[{"href":"https:\/\/contraluzcucuta.co\/index.php?rest_route=\/wp\/v2\/posts\/42842","targetHints":{"allow":["GET"]}}],"collection":[{"href":"https:\/\/contraluzcucuta.co\/index.php?rest_route=\/wp\/v2\/posts"}],"about":[{"href":"https:\/\/contraluzcucuta.co\/index.php?rest_route=\/wp\/v2\/types\/post"}],"author":[{"embeddable":true,"href":"https:\/\/contraluzcucuta.co\/index.php?rest_route=\/wp\/v2\/users\/1"}],"replies":[{"embeddable":true,"href":"https:\/\/contraluzcucuta.co\/index.php?rest_route=%2Fwp%2Fv2%2Fcomments&post=42842"}],"version-history":[{"count":1,"href":"https:\/\/contraluzcucuta.co\/index.php?rest_route=\/wp\/v2\/posts\/42842\/revisions"}],"predecessor-version":[{"id":42845,"href":"https:\/\/contraluzcucuta.co\/index.php?rest_route=\/wp\/v2\/posts\/42842\/revisions\/42845"}],"wp:featuredmedia":[{"embeddable":true,"href":"https:\/\/contraluzcucuta.co\/index.php?rest_route=\/wp\/v2\/media\/42843"}],"wp:attachment":[{"href":"https:\/\/contraluzcucuta.co\/index.php?rest_route=%2Fwp%2Fv2%2Fmedia&parent=42842"}],"wp:term":[{"taxonomy":"category","embeddable":true,"href":"https:\/\/contraluzcucuta.co\/index.php?rest_route=%2Fwp%2Fv2%2Fcategories&post=42842"},{"taxonomy":"post_tag","embeddable":true,"href":"https:\/\/contraluzcucuta.co\/index.php?rest_route=%2Fwp%2Fv2%2Ftags&post=42842"}],"curies":[{"name":"wp","href":"https:\/\/api.w.org\/{rel}","templated":true}]}}