{"id":42830,"date":"2024-08-05T03:53:41","date_gmt":"2024-08-05T08:53:41","guid":{"rendered":"https:\/\/contraluzcucuta.co\/?p=42830"},"modified":"2024-08-05T03:53:41","modified_gmt":"2024-08-05T08:53:41","slug":"ferias-de-cucuta-doce-reinas-comunales-disputaran-la-corona","status":"publish","type":"post","link":"https:\/\/contraluzcucuta.co\/?p=42830","title":{"rendered":"FERIAS DE C\u00daCUTA. Doce reinas comunales disputar\u00e1n la corona"},"content":{"rendered":"<p style=\"padding-left: 40px; text-align: right;\"><strong><span style=\"color: #ff9900;\">C\u00daCUTA.- Doce reinas comunales y de los corregimientos de C\u00facuta animar\u00e1n las Ferias de la capital de Norte de Santander. La elecci\u00f3n de las representantes de cada sector se llev\u00f3 a cabo mediante actividades culturales en las comunas. La organizaci\u00f3n estuvo a cargo de la secretar\u00eda de Cultura y Turismo del municipio.<\/span><\/strong><\/p>\n<p><a href=\"https:\/\/contraluzcucuta.co\/wp-content\/uploads\/2024\/08\/REINAS-DE-CUCUTA-5.jpeg\"><img loading=\"lazy\" decoding=\"async\" class=\"alignnone  wp-image-42832 alignleft\" src=\"https:\/\/contraluzcucuta.co\/wp-content\/uploads\/2024\/08\/REINAS-DE-CUCUTA-5-300x200.jpeg\" alt=\"\" width=\"246\" height=\"164\" srcset=\"https:\/\/contraluzcucuta.co\/wp-content\/uploads\/2024\/08\/REINAS-DE-CUCUTA-5-300x200.jpeg 300w, https:\/\/contraluzcucuta.co\/wp-content\/uploads\/2024\/08\/REINAS-DE-CUCUTA-5-600x400.jpeg 600w, https:\/\/contraluzcucuta.co\/wp-content\/uploads\/2024\/08\/REINAS-DE-CUCUTA-5-1024x682.jpeg 1024w, https:\/\/contraluzcucuta.co\/wp-content\/uploads\/2024\/08\/REINAS-DE-CUCUTA-5-768x512.jpeg 768w, https:\/\/contraluzcucuta.co\/wp-content\/uploads\/2024\/08\/REINAS-DE-CUCUTA-5-310x205.jpeg 310w, https:\/\/contraluzcucuta.co\/wp-content\/uploads\/2024\/08\/REINAS-DE-CUCUTA-5.jpeg 1280w\" sizes=\"auto, (max-width: 246px) 100vw, 246px\" \/><\/a><\/p>\n<p>De las 12 candidatas saldr\u00e1 la reina de la ciudad. Los jurados calificar\u00e1n belleza f\u00edsica, inteligencia y conocimientos de la historia de la comuna y del municipio.<\/p>\n<p>\u201cQueremos resaltar la cultura de esta linda ciudad y que ellas sean el ejemplo de las pr\u00f3ximas generaciones de ni\u00f1as para que se sientan orgullosas de ser cucute\u00f1as\u201d, dijo Nadim Bayona, secretario de Cltura y Turismo.<\/p>\n<p>El objetivo es recuperar las tradiciones culturales y hacer de C\u00facuta una ciudad destino, donde cucute\u00f1os y turistas disfruten las actividades programadas para las ferias.<\/p>\n<p>Las 12 reinas comunales son:<\/p>\n<p>Comuna 1: Mar\u00eda Isabel Romero G\u00e9lvez.<\/p>\n<p>Comuna 2: Ariadna Mendes Toscano.<\/p>\n<p>Comuna 3: Y\u00e9sica Alexandra Guzm\u00e1n Reyes.<\/p>\n<p>Comuna 4: Nicolle Dayana Sep\u00falveda.<\/p>\n<p>Comuna 5: Julieth Paola Rodr\u00edguez Romero.<\/p>\n<p>Comuna 6: F\u00e1tima Rinc\u00f3n Duarte.<\/p>\n<p>Comuna 7: Maryuri Yulieth Gonzales Mart\u00ednez.<\/p>\n<p>Comuna 8: Yanitza Julieth Pacheco.<\/p>\n<p>Comuna 9: Dayana Dur\u00e1n G\u00f3mez.<\/p>\n<p>Comuna 10: Karen Tatiana Villamizar.<\/p>\n<p>Corregimientos: Luisa Fernanda Porras Navarro y Laura Vanesa Rinc\u00f3n Mora.<\/p>\n","protected":false},"excerpt":{"rendered":"<p>C\u00daCUTA.- Doce reinas comunales y de los corregimientos de C\u00facuta animar\u00e1n las Ferias de la capital de Norte de Santander. La elecci\u00f3n de las representantes de cada sector se llev\u00f3 a cabo mediante actividades culturales en las comunas. La organizaci\u00f3n estuvo a cargo de la secretar\u00eda de Cultura y Turismo del municipio. De las 12 &hellip;<\/p>\n","protected":false},"author":1,"featured_media":42831,"comment_status":"open","ping_status":"open","sticky":false,"template":"","format":"standard","meta":{"footnotes":""},"categories":[2625,4,36],"tags":[226,218,4231],"class_list":["post-42830","post","type-post","status-publish","format-standard","has-post-thumbnail","hentry","category-alcaldia-de-cucuta","category-barra","category-la-voz-del-pueblo","tag-alcaldia-de-cucuta","tag-comunas-de-cucuta","tag-ferias-de-cucuta"],"_links":{"self":[{"href":"https:\/\/contraluzcucuta.co\/index.php?rest_route=\/wp\/v2\/posts\/42830","targetHints":{"allow":["GET"]}}],"collection":[{"href":"https:\/\/contraluzcucuta.co\/index.php?rest_route=\/wp\/v2\/posts"}],"about":[{"href":"https:\/\/contraluzcucuta.co\/index.php?rest_route=\/wp\/v2\/types\/post"}],"author":[{"embeddable":true,"href":"https:\/\/contraluzcucuta.co\/index.php?rest_route=\/wp\/v2\/users\/1"}],"replies":[{"embeddable":true,"href":"https:\/\/contraluzcucuta.co\/index.php?rest_route=%2Fwp%2Fv2%2Fcomments&post=42830"}],"version-history":[{"count":1,"href":"https:\/\/contraluzcucuta.co\/index.php?rest_route=\/wp\/v2\/posts\/42830\/revisions"}],"predecessor-version":[{"id":42833,"href":"https:\/\/contraluzcucuta.co\/index.php?rest_route=\/wp\/v2\/posts\/42830\/revisions\/42833"}],"wp:featuredmedia":[{"embeddable":true,"href":"https:\/\/contraluzcucuta.co\/index.php?rest_route=\/wp\/v2\/media\/42831"}],"wp:attachment":[{"href":"https:\/\/contraluzcucuta.co\/index.php?rest_route=%2Fwp%2Fv2%2Fmedia&parent=42830"}],"wp:term":[{"taxonomy":"category","embeddable":true,"href":"https:\/\/contraluzcucuta.co\/index.php?rest_route=%2Fwp%2Fv2%2Fcategories&post=42830"},{"taxonomy":"post_tag","embeddable":true,"href":"https:\/\/contraluzcucuta.co\/index.php?rest_route=%2Fwp%2Fv2%2Ftags&post=42830"}],"curies":[{"name":"wp","href":"https:\/\/api.w.org\/{rel}","templated":true}]}}