{"id":42818,"date":"2024-08-02T05:43:17","date_gmt":"2024-08-02T10:43:17","guid":{"rendered":"https:\/\/contraluzcucuta.co\/?p=42818"},"modified":"2024-08-02T05:43:17","modified_gmt":"2024-08-02T10:43:17","slug":"feria-itinerante-500-000-ejemplares-nuevos-y-originales","status":"publish","type":"post","link":"https:\/\/contraluzcucuta.co\/?p=42818","title":{"rendered":"FERIA ITINERANTE. 500.000 ejemplares nuevos y originales"},"content":{"rendered":"<p><strong><span style=\"color: #ff9900;\">C\u00daCUTA.- La feria itinerante del libro regres\u00f3 a C\u00facuta y estar\u00e1 hasta el 4 de agosto. La exposici\u00f3n es organizada por Dislectura y ofrece 500.000 ejemplares nuevos y originales, y novedades literarias y acad\u00e9micas.<\/span><\/strong><\/p>\n<p>Los visitantes encontrar\u00e1n en exclusiva variedad de libros acad\u00e9micos, t\u00e9cnicos e investigativos (medicina, ingenier\u00eda, entre otros). Esta versi\u00f3n regresa con los textos en ingl\u00e9s y franc\u00e9s, los g\u00e9neros y autores nacionales e internacionales para que ni\u00f1os, j\u00f3venes y adultos disfruten del espacio cultural.<\/p>\n<p>El prop\u00f3sito es fomentar la lectura, impulsar la industria editorial y evitar la pirater\u00eda.<\/p>\n","protected":false},"excerpt":{"rendered":"<p>C\u00daCUTA.- La feria itinerante del libro regres\u00f3 a C\u00facuta y estar\u00e1 hasta el 4 de agosto. La exposici\u00f3n es organizada por Dislectura y ofrece 500.000 ejemplares nuevos y originales, y novedades literarias y acad\u00e9micas. Los visitantes encontrar\u00e1n en exclusiva variedad de libros acad\u00e9micos, t\u00e9cnicos e investigativos (medicina, ingenier\u00eda, entre otros). Esta versi\u00f3n regresa con los &hellip;<\/p>\n","protected":false},"author":1,"featured_media":42819,"comment_status":"open","ping_status":"open","sticky":false,"template":"","format":"standard","meta":{"footnotes":""},"categories":[4,37],"tags":[6059,6548],"class_list":["post-42818","post","type-post","status-publish","format-standard","has-post-thumbnail","hentry","category-barra","category-paseo-cultural","tag-dislectura","tag-feria-itinerante-del-libro"],"_links":{"self":[{"href":"https:\/\/contraluzcucuta.co\/index.php?rest_route=\/wp\/v2\/posts\/42818","targetHints":{"allow":["GET"]}}],"collection":[{"href":"https:\/\/contraluzcucuta.co\/index.php?rest_route=\/wp\/v2\/posts"}],"about":[{"href":"https:\/\/contraluzcucuta.co\/index.php?rest_route=\/wp\/v2\/types\/post"}],"author":[{"embeddable":true,"href":"https:\/\/contraluzcucuta.co\/index.php?rest_route=\/wp\/v2\/users\/1"}],"replies":[{"embeddable":true,"href":"https:\/\/contraluzcucuta.co\/index.php?rest_route=%2Fwp%2Fv2%2Fcomments&post=42818"}],"version-history":[{"count":1,"href":"https:\/\/contraluzcucuta.co\/index.php?rest_route=\/wp\/v2\/posts\/42818\/revisions"}],"predecessor-version":[{"id":42820,"href":"https:\/\/contraluzcucuta.co\/index.php?rest_route=\/wp\/v2\/posts\/42818\/revisions\/42820"}],"wp:featuredmedia":[{"embeddable":true,"href":"https:\/\/contraluzcucuta.co\/index.php?rest_route=\/wp\/v2\/media\/42819"}],"wp:attachment":[{"href":"https:\/\/contraluzcucuta.co\/index.php?rest_route=%2Fwp%2Fv2%2Fmedia&parent=42818"}],"wp:term":[{"taxonomy":"category","embeddable":true,"href":"https:\/\/contraluzcucuta.co\/index.php?rest_route=%2Fwp%2Fv2%2Fcategories&post=42818"},{"taxonomy":"post_tag","embeddable":true,"href":"https:\/\/contraluzcucuta.co\/index.php?rest_route=%2Fwp%2Fv2%2Ftags&post=42818"}],"curies":[{"name":"wp","href":"https:\/\/api.w.org\/{rel}","templated":true}]}}