{"id":42772,"date":"2024-07-30T05:30:08","date_gmt":"2024-07-30T10:30:08","guid":{"rendered":"https:\/\/contraluzcucuta.co\/?p=42772"},"modified":"2024-07-30T05:30:08","modified_gmt":"2024-07-30T10:30:08","slug":"olimpiadas-de-adultos-mayores-nuevo-comienzo-otro-motivo-para-vivir","status":"publish","type":"post","link":"https:\/\/contraluzcucuta.co\/?p=42772","title":{"rendered":"OLIMPIADAS DE ADULTOS MAYORES. Nuevo comienzo, otro motivo para vivir"},"content":{"rendered":"<p style=\"padding-left: 40px; text-align: right;\"><strong><span style=\"color: #ff9900;\">C\u00daCUTA.- \u2018C\u00facuta se Recrea\u2019, \u2018C\u00facuta Expone\u2019 y \u2018C\u00facuta se Expresa\u2019 son los nombres de las categor\u00edas en las que se desarroll\u00f3 la fase municipal de las olimpiadas \u2018Nuevo Comienzo, Otro Motivo para Vivir\u2019. En el evento los adultos mayores vivieron emocionantes jornadas de recreaci\u00f3n y esparcimiento.<\/span><\/strong><\/p>\n<p><a href=\"https:\/\/contraluzcucuta.co\/wp-content\/uploads\/2024\/07\/ADULTO-MAYOR-OLIMPIADAS-2.jpeg\"><img loading=\"lazy\" decoding=\"async\" class=\"alignnone  wp-image-42774 alignleft\" src=\"https:\/\/contraluzcucuta.co\/wp-content\/uploads\/2024\/07\/ADULTO-MAYOR-OLIMPIADAS-2-300x225.jpeg\" alt=\"\" width=\"251\" height=\"188\" srcset=\"https:\/\/contraluzcucuta.co\/wp-content\/uploads\/2024\/07\/ADULTO-MAYOR-OLIMPIADAS-2-300x225.jpeg 300w, https:\/\/contraluzcucuta.co\/wp-content\/uploads\/2024\/07\/ADULTO-MAYOR-OLIMPIADAS-2-600x450.jpeg 600w, https:\/\/contraluzcucuta.co\/wp-content\/uploads\/2024\/07\/ADULTO-MAYOR-OLIMPIADAS-2-1024x768.jpeg 1024w, https:\/\/contraluzcucuta.co\/wp-content\/uploads\/2024\/07\/ADULTO-MAYOR-OLIMPIADAS-2-768x576.jpeg 768w, https:\/\/contraluzcucuta.co\/wp-content\/uploads\/2024\/07\/ADULTO-MAYOR-OLIMPIADAS-2.jpeg 1280w\" sizes=\"auto, (max-width: 251px) 100vw, 251px\" \/><\/a><\/p>\n<p>Las olimpiadas hacen parte del Plan Nacional de Recreaci\u00f3n para la poblaci\u00f3n adulta mayor y fueron organizadas por el Instituto Municipal para la Recreaci\u00f3n y el Deporte (IMRD). La actividad se cumpli\u00f3 el Ecoparque.<\/p>\n<p>La categor\u00eda \u2018C\u00facuta se Recrea\u2019 reuni\u00f3 a 300 adultos mayores, de 23 asociaciones de la ciudad; 140 compitieron en tejo, rana, domin\u00f3 y parqu\u00e9s.<\/p>\n<p>Las asociaciones que ganaron un cupo para la fase departamental son:<\/p>\n<p>Domin\u00f3: Luchadores y Luchadoras de San Luis<\/p>\n<p>Rana: Asoparlantes<\/p>\n<p>Tejo: Mis Pupilos.<\/p>\n<p>La segunda jornada se llev\u00f3 a cabo en el Parque Playa: Las asociaciones exhibieron emprendimientos en la categor\u00eda \u2018C\u00facuta Expone\u2019. Cuarenta participantes dieron a conocer el talento en bisuter\u00eda, trajes tejidos, tapetes y mu\u00f1ecas de tela, entre otros trabajos.<\/p>\n<p>En la categor\u00eda \u2018C\u00facuta se Expresa\u2019 120 participantes deslumbraron con bailes, cantos y poes\u00edas. Mariana Delgado, integrante de la asociaci\u00f3n \u00b4Mis Amores\u00b4, fue nombrada Colombiana de Oro Municipal.<\/p>\n<p>Los cuatro campeones representar\u00e1n a C\u00facuta en la fase departamental y buscar\u00e1n cupo para la etapa nacional.<\/p>\n","protected":false},"excerpt":{"rendered":"<p>C\u00daCUTA.- \u2018C\u00facuta se Recrea\u2019, \u2018C\u00facuta Expone\u2019 y \u2018C\u00facuta se Expresa\u2019 son los nombres de las categor\u00edas en las que se desarroll\u00f3 la fase municipal de las olimpiadas \u2018Nuevo Comienzo, Otro Motivo para Vivir\u2019. En el evento los adultos mayores vivieron emocionantes jornadas de recreaci\u00f3n y esparcimiento. Las olimpiadas hacen parte del Plan Nacional de Recreaci\u00f3n &hellip;<\/p>\n","protected":false},"author":1,"featured_media":42773,"comment_status":"open","ping_status":"open","sticky":false,"template":"","format":"standard","meta":{"footnotes":""},"categories":[2625,4,36],"tags":[6530,226,930,936,6531],"class_list":["post-42772","post","type-post","status-publish","format-standard","has-post-thumbnail","hentry","category-alcaldia-de-cucuta","category-barra","category-la-voz-del-pueblo","tag-adulstos-mayores","tag-alcaldia-de-cucuta","tag-ecoparque","tag-imrd","tag-plan-nacional-de-recreacion"],"_links":{"self":[{"href":"https:\/\/contraluzcucuta.co\/index.php?rest_route=\/wp\/v2\/posts\/42772","targetHints":{"allow":["GET"]}}],"collection":[{"href":"https:\/\/contraluzcucuta.co\/index.php?rest_route=\/wp\/v2\/posts"}],"about":[{"href":"https:\/\/contraluzcucuta.co\/index.php?rest_route=\/wp\/v2\/types\/post"}],"author":[{"embeddable":true,"href":"https:\/\/contraluzcucuta.co\/index.php?rest_route=\/wp\/v2\/users\/1"}],"replies":[{"embeddable":true,"href":"https:\/\/contraluzcucuta.co\/index.php?rest_route=%2Fwp%2Fv2%2Fcomments&post=42772"}],"version-history":[{"count":1,"href":"https:\/\/contraluzcucuta.co\/index.php?rest_route=\/wp\/v2\/posts\/42772\/revisions"}],"predecessor-version":[{"id":42775,"href":"https:\/\/contraluzcucuta.co\/index.php?rest_route=\/wp\/v2\/posts\/42772\/revisions\/42775"}],"wp:featuredmedia":[{"embeddable":true,"href":"https:\/\/contraluzcucuta.co\/index.php?rest_route=\/wp\/v2\/media\/42773"}],"wp:attachment":[{"href":"https:\/\/contraluzcucuta.co\/index.php?rest_route=%2Fwp%2Fv2%2Fmedia&parent=42772"}],"wp:term":[{"taxonomy":"category","embeddable":true,"href":"https:\/\/contraluzcucuta.co\/index.php?rest_route=%2Fwp%2Fv2%2Fcategories&post=42772"},{"taxonomy":"post_tag","embeddable":true,"href":"https:\/\/contraluzcucuta.co\/index.php?rest_route=%2Fwp%2Fv2%2Ftags&post=42772"}],"curies":[{"name":"wp","href":"https:\/\/api.w.org\/{rel}","templated":true}]}}