{"id":42765,"date":"2024-07-30T04:54:13","date_gmt":"2024-07-30T09:54:13","guid":{"rendered":"https:\/\/contraluzcucuta.co\/?p=42765"},"modified":"2024-07-30T04:54:13","modified_gmt":"2024-07-30T09:54:13","slug":"policia-en-las-mercedes-gobernador-evalua-infraestructura-de-subestacion","status":"publish","type":"post","link":"https:\/\/contraluzcucuta.co\/?p=42765","title":{"rendered":"POLIC\u00cdA EN LAS MERCEDES. Gobernador eval\u00faa infraestructura de subestaci\u00f3n"},"content":{"rendered":"<p style=\"padding-left: 40px; text-align: right;\"><strong><span style=\"color: #ff9900;\">SARDINATA.- La subestaci\u00f3n de polic\u00eda de Las Mercedes es clave para la seguridad en Sardinata. El correcto funcionamiento es esencial para mantener el orden y la tranquilidad en esa zona, que ha afrontado desaf\u00edos significativos en cuesti\u00f3n de seguridad.<\/span><\/strong><\/p>\n<p><a href=\"https:\/\/contraluzcucuta.co\/wp-content\/uploads\/2024\/07\/LAS-MERCEDES-VISITA-DEL-GOBERNADOR-5-scaled.jpg\"><img loading=\"lazy\" decoding=\"async\" class=\"alignnone  wp-image-42767 alignleft\" src=\"https:\/\/contraluzcucuta.co\/wp-content\/uploads\/2024\/07\/LAS-MERCEDES-VISITA-DEL-GOBERNADOR-5-300x200.jpg\" alt=\"\" width=\"248\" height=\"165\" srcset=\"https:\/\/contraluzcucuta.co\/wp-content\/uploads\/2024\/07\/LAS-MERCEDES-VISITA-DEL-GOBERNADOR-5-300x200.jpg 300w, https:\/\/contraluzcucuta.co\/wp-content\/uploads\/2024\/07\/LAS-MERCEDES-VISITA-DEL-GOBERNADOR-5-600x400.jpg 600w, https:\/\/contraluzcucuta.co\/wp-content\/uploads\/2024\/07\/LAS-MERCEDES-VISITA-DEL-GOBERNADOR-5-1024x683.jpg 1024w, https:\/\/contraluzcucuta.co\/wp-content\/uploads\/2024\/07\/LAS-MERCEDES-VISITA-DEL-GOBERNADOR-5-768x512.jpg 768w, https:\/\/contraluzcucuta.co\/wp-content\/uploads\/2024\/07\/LAS-MERCEDES-VISITA-DEL-GOBERNADOR-5-1536x1024.jpg 1536w, https:\/\/contraluzcucuta.co\/wp-content\/uploads\/2024\/07\/LAS-MERCEDES-VISITA-DEL-GOBERNADOR-5-2048x1365.jpg 2048w, https:\/\/contraluzcucuta.co\/wp-content\/uploads\/2024\/07\/LAS-MERCEDES-VISITA-DEL-GOBERNADOR-5-310x205.jpg 310w\" sizes=\"auto, (max-width: 248px) 100vw, 248px\" \/><\/a><\/p>\n<p>El gobernador William Villamizar, el comandante Regi\u00f3n de Polic\u00eda 5, brigadier general Jos\u00e9 James Roa y el comandante de la Brigada 30, coronel Mario Contreras, visitaron a los agentes con el objetivo de evaluar el estado de la infraestructura, los recursos de la sede policial y las condiciones de trabajo del personal uniformado.<\/p>\n<p>\u201cLa seguridad de nuestros ciudadanos es una prioridad para esta administraci\u00f3n, pero tambi\u00e9n el bienestar y las condiciones de nuestros uniformados\u201d, dijo Villamizar Laguado. Otra finalidad de la presencia de las autoridades era asegurarse de que cuenten con lo necesario para desempe\u00f1ar la labor de manera efectiva.<\/p>\n<p>\u201cNo solo sirve como centro operativo para la polic\u00eda local, sino que tambi\u00e9n juega un rol crucial en la coordinaci\u00f3n de esfuerzos con las fuerzas militares y otras agencias de seguridad\u201d, a\u00f1adi\u00f3 Villamizar. El Gobernador y el equipo evaluaron las necesidades de mejoras en infraestructura, equipos y personal.<\/p>\n<p>La administraci\u00f3n departamental, consciente de la importancia de mejorar la seguridad en la regi\u00f3n, ha incorporado un componente especial en el Plan de Desarrollo Departamental. Fortalecer la capacidad de las fuerzas de seguridad, mejorar la infraestructura policial y militar, y promover el uso de tecnolog\u00eda.<\/p>\n<p>Luis Tob\u00f3n \u2013 Gobernaci\u00f3n de Norte de Santander<\/p>\n","protected":false},"excerpt":{"rendered":"<p>SARDINATA.- La subestaci\u00f3n de polic\u00eda de Las Mercedes es clave para la seguridad en Sardinata. El correcto funcionamiento es esencial para mantener el orden y la tranquilidad en esa zona, que ha afrontado desaf\u00edos significativos en cuesti\u00f3n de seguridad. El gobernador William Villamizar, el comandante Regi\u00f3n de Polic\u00eda 5, brigadier general Jos\u00e9 James Roa y &hellip;<\/p>\n","protected":false},"author":1,"featured_media":42766,"comment_status":"open","ping_status":"open","sticky":false,"template":"","format":"standard","meta":{"footnotes":""},"categories":[11,4],"tags":[257,2800,1952,638],"class_list":["post-42765","post","type-post","status-publish","format-standard","has-post-thumbnail","hentry","category-cronica-roja","category-barra","tag-brigada-30","tag-gobernador-william-villamizar","tag-region-de-policia-5","tag-sardinata"],"_links":{"self":[{"href":"https:\/\/contraluzcucuta.co\/index.php?rest_route=\/wp\/v2\/posts\/42765","targetHints":{"allow":["GET"]}}],"collection":[{"href":"https:\/\/contraluzcucuta.co\/index.php?rest_route=\/wp\/v2\/posts"}],"about":[{"href":"https:\/\/contraluzcucuta.co\/index.php?rest_route=\/wp\/v2\/types\/post"}],"author":[{"embeddable":true,"href":"https:\/\/contraluzcucuta.co\/index.php?rest_route=\/wp\/v2\/users\/1"}],"replies":[{"embeddable":true,"href":"https:\/\/contraluzcucuta.co\/index.php?rest_route=%2Fwp%2Fv2%2Fcomments&post=42765"}],"version-history":[{"count":1,"href":"https:\/\/contraluzcucuta.co\/index.php?rest_route=\/wp\/v2\/posts\/42765\/revisions"}],"predecessor-version":[{"id":42768,"href":"https:\/\/contraluzcucuta.co\/index.php?rest_route=\/wp\/v2\/posts\/42765\/revisions\/42768"}],"wp:featuredmedia":[{"embeddable":true,"href":"https:\/\/contraluzcucuta.co\/index.php?rest_route=\/wp\/v2\/media\/42766"}],"wp:attachment":[{"href":"https:\/\/contraluzcucuta.co\/index.php?rest_route=%2Fwp%2Fv2%2Fmedia&parent=42765"}],"wp:term":[{"taxonomy":"category","embeddable":true,"href":"https:\/\/contraluzcucuta.co\/index.php?rest_route=%2Fwp%2Fv2%2Fcategories&post=42765"},{"taxonomy":"post_tag","embeddable":true,"href":"https:\/\/contraluzcucuta.co\/index.php?rest_route=%2Fwp%2Fv2%2Ftags&post=42765"}],"curies":[{"name":"wp","href":"https:\/\/api.w.org\/{rel}","templated":true}]}}