{"id":42759,"date":"2024-07-29T21:57:43","date_gmt":"2024-07-30T02:57:43","guid":{"rendered":"https:\/\/contraluzcucuta.co\/?p=42759"},"modified":"2024-07-29T22:02:22","modified_gmt":"2024-07-30T03:02:22","slug":"talentos-musica-baile-poesia-pintura","status":"publish","type":"post","link":"https:\/\/contraluzcucuta.co\/?p=42759","title":{"rendered":"TALENTOS. M\u00fasica, baile, poes\u00eda, pintura"},"content":{"rendered":"<p style=\"padding-left: 40px; text-align: right;\"><strong><span style=\"color: #ff9900;\">C\u00daCUTA.- En una tarde cargada de emociones, la Academia Class Fashion Models escogi\u00f3 a ni\u00f1os y adolescentes talentosos. En el Teatro Municipal los padres de familia de los peque\u00f1os disfrutaron la velada, organizada por John Franco y el equipo de trabajo.<\/span><\/strong><\/p>\n<p><a href=\"https:\/\/contraluzcucuta.co\/wp-content\/uploads\/2024\/07\/TALENTOS-CLASS-MODEL-11A.jpg\"><img loading=\"lazy\" decoding=\"async\" class=\"alignnone wp-image-42761 alignleft\" src=\"https:\/\/contraluzcucuta.co\/wp-content\/uploads\/2024\/07\/TALENTOS-CLASS-MODEL-11A-298x300.jpg\" alt=\"\" width=\"237\" height=\"239\" srcset=\"https:\/\/contraluzcucuta.co\/wp-content\/uploads\/2024\/07\/TALENTOS-CLASS-MODEL-11A-298x300.jpg 298w, https:\/\/contraluzcucuta.co\/wp-content\/uploads\/2024\/07\/TALENTOS-CLASS-MODEL-11A-100x100.jpg 100w, https:\/\/contraluzcucuta.co\/wp-content\/uploads\/2024\/07\/TALENTOS-CLASS-MODEL-11A-600x604.jpg 600w, https:\/\/contraluzcucuta.co\/wp-content\/uploads\/2024\/07\/TALENTOS-CLASS-MODEL-11A-150x150.jpg 150w, https:\/\/contraluzcucuta.co\/wp-content\/uploads\/2024\/07\/TALENTOS-CLASS-MODEL-11A.jpg 753w\" sizes=\"auto, (max-width: 237px) 100vw, 237px\" \/><\/a><\/p>\n<p>Canto, poes\u00eda, baile, destrezas manuales y arte de vieron y escucharon mientras los adultos aplaud\u00edan para alentar a los futuros artistas. Las edades de los participantes variaron de tres a 17 a\u00f1os y en cada uno en su especialidad brill\u00f3 para ganarse la admiraci\u00f3n de los asistentes.<\/p>\n<p>El grupo de animadores mostr\u00f3 la seriedad con la que se prepar\u00f3 la actividad y en cada anuncio los integrantes dieron a conocer sus dotes. Mayra Ram\u00edrez, Saray Su\u00e1rez, Jhojan \u00c1ngel y Dairy Prada estuvieron al frente de la conducci\u00f3n del acto.<\/p>\n<p>Momentos previos a revelar los ganadores en las distintas categor\u00edas, los ejecutivos de la Academia entregaron reconocimientos. Mientras en la gala musical particip\u00f3 la cantante Any Fow, en el jurado destac\u00f3 la presencia de la ex reina Jhoana Potes.<\/p>\n<p>Y los ganadores son:<\/p>\n<p>Yelitza Cardona Fuentes. Ni\u00f1a Talento, preinfantil<\/p>\n<p>Valery Chac\u00f3n: Infantil j\u00fanior<\/p>\n<p>Marlon Gonz\u00e1lez: Talento infantil masculino<\/p>\n<p>Greyshi Fl\u00f3rez: Talento infantil femenino<\/p>\n<p>Violeta Porras: Chica talento<\/p>\n<p>Juli\u00e1n Delgado: Mini modelo revelaci\u00f3n<\/p>\n<p>Brayan Acosta: M\u00edster modelo revelaci\u00f3n<\/p>\n<p>Sof\u00eda Bayona: Ni\u00f1a revelaci\u00f3n<\/p>\n<p>Yury Pe\u00f1a: Miss C\u00facuta<\/p>\n<p>Camila T\u00e9llez: Miss C\u00facuta<\/p>\n<p>Mariana Ocampo: Ni\u00f1a Norte de Santander<\/p>\n","protected":false},"excerpt":{"rendered":"<p>C\u00daCUTA.- En una tarde cargada de emociones, la Academia Class Fashion Models escogi\u00f3 a ni\u00f1os y adolescentes talentosos. En el Teatro Municipal los padres de familia de los peque\u00f1os disfrutaron la velada, organizada por John Franco y el equipo de trabajo. Canto, poes\u00eda, baile, destrezas manuales y arte de vieron y escucharon mientras los adultos &hellip;<\/p>\n","protected":false},"author":1,"featured_media":42764,"comment_status":"open","ping_status":"open","sticky":false,"template":"","format":"standard","meta":{"footnotes":""},"categories":[45,4],"tags":[6418,6419,6527,5727],"class_list":["post-42759","post","type-post","status-publish","format-standard","has-post-thumbnail","hentry","category-destacado","category-barra","tag-class-fashion-models","tag-john-franco","tag-talentos-cucutenos","tag-teatro-municipal-cucuta"],"_links":{"self":[{"href":"https:\/\/contraluzcucuta.co\/index.php?rest_route=\/wp\/v2\/posts\/42759","targetHints":{"allow":["GET"]}}],"collection":[{"href":"https:\/\/contraluzcucuta.co\/index.php?rest_route=\/wp\/v2\/posts"}],"about":[{"href":"https:\/\/contraluzcucuta.co\/index.php?rest_route=\/wp\/v2\/types\/post"}],"author":[{"embeddable":true,"href":"https:\/\/contraluzcucuta.co\/index.php?rest_route=\/wp\/v2\/users\/1"}],"replies":[{"embeddable":true,"href":"https:\/\/contraluzcucuta.co\/index.php?rest_route=%2Fwp%2Fv2%2Fcomments&post=42759"}],"version-history":[{"count":1,"href":"https:\/\/contraluzcucuta.co\/index.php?rest_route=\/wp\/v2\/posts\/42759\/revisions"}],"predecessor-version":[{"id":42762,"href":"https:\/\/contraluzcucuta.co\/index.php?rest_route=\/wp\/v2\/posts\/42759\/revisions\/42762"}],"wp:featuredmedia":[{"embeddable":true,"href":"https:\/\/contraluzcucuta.co\/index.php?rest_route=\/wp\/v2\/media\/42764"}],"wp:attachment":[{"href":"https:\/\/contraluzcucuta.co\/index.php?rest_route=%2Fwp%2Fv2%2Fmedia&parent=42759"}],"wp:term":[{"taxonomy":"category","embeddable":true,"href":"https:\/\/contraluzcucuta.co\/index.php?rest_route=%2Fwp%2Fv2%2Fcategories&post=42759"},{"taxonomy":"post_tag","embeddable":true,"href":"https:\/\/contraluzcucuta.co\/index.php?rest_route=%2Fwp%2Fv2%2Ftags&post=42759"}],"curies":[{"name":"wp","href":"https:\/\/api.w.org\/{rel}","templated":true}]}}