{"id":42755,"date":"2024-07-28T17:49:01","date_gmt":"2024-07-28T22:49:01","guid":{"rendered":"https:\/\/contraluzcucuta.co\/?p=42755"},"modified":"2024-07-28T17:49:01","modified_gmt":"2024-07-28T22:49:01","slug":"pamplona-epicentro-cultural-de-norte-de-santander","status":"publish","type":"post","link":"https:\/\/contraluzcucuta.co\/?p=42755","title":{"rendered":"PAMPLONA. Epicentro cultural de Norte de Santander"},"content":{"rendered":"<p style=\"padding-left: 40px; text-align: right;\"><strong><span style=\"color: #ff9900;\">PAMPLONA. Noventa gestores y directores de escuelas de m\u00fasica de las casas de cultura de Norte de Santander se reunir\u00e1n en Pamplona, del 29 al 31 de julio. El encuentro convertir\u00e1 a la ciudad mitrada en epicentro cultural del departamento.<\/span><\/strong><\/p>\n<p>El Encuentro de Gobernanza Musical y el Encuentro Departamental de Escuelas de M\u00fasica tienen como objetivo ofrecer herramientas y estrategias que profundicen en la gesti\u00f3n cultural, fortalezcan los planes pedag\u00f3gicos y robustezcan las l\u00edneas de formaci\u00f3n de las escuelas de m\u00fasica de Norte de Santander.<\/p>\n<p>Los eventos son organizados por el Ministerio de las Culturas, las Artes y los Saberes, en colaboraci\u00f3n con la Secretar\u00eda de Cultura Departamental.<\/p>\n<p>Los temas que se abordar\u00e1n incluyen:<\/p>\n<ul>\n<li>Herramientas de gesti\u00f3n de escuelas de m\u00fasica<\/li>\n<li>Construcci\u00f3n de paz desde la musicalizaci\u00f3n de la ciudadan\u00eda<\/li>\n<li>Sistema de informaci\u00f3n de escuelas<\/li>\n<li>Estrategias de proyectos y alianzas<\/li>\n<\/ul>\n<p>\u00abEstamos fortaleciendo todas las \u00e1reas culturales y es importante hacer una conexi\u00f3n entre los gestores culturales de nuestro departamento\u201d, dijo la secretaria de Cultura, Martha Mar\u00eda Reyes.<\/p>\n<p>Los encuentros representan un esfuerzo para mejorar las capacidades y los recursos disponibles en los \u00e1mbitos musical y cultural, para impactar a las comunidades del departamento.<\/p>\n<p>Juan Pablo Escobar \u2013 Gobernaci\u00f3n de Norte de Santander<\/p>\n","protected":false},"excerpt":{"rendered":"<p>PAMPLONA. Noventa gestores y directores de escuelas de m\u00fasica de las casas de cultura de Norte de Santander se reunir\u00e1n en Pamplona, del 29 al 31 de julio. El encuentro convertir\u00e1 a la ciudad mitrada en epicentro cultural del departamento. El Encuentro de Gobernanza Musical y el Encuentro Departamental de Escuelas de M\u00fasica tienen como &hellip;<\/p>\n","protected":false},"author":1,"featured_media":42756,"comment_status":"open","ping_status":"open","sticky":false,"template":"","format":"standard","meta":{"footnotes":""},"categories":[4,37],"tags":[4760,738,2891],"class_list":["post-42755","post","type-post","status-publish","format-standard","has-post-thumbnail","hentry","category-barra","category-paseo-cultural","tag-martha-maria-reyes","tag-pamplona","tag-secretaria-de-cultura-de-norte-de-santander"],"_links":{"self":[{"href":"https:\/\/contraluzcucuta.co\/index.php?rest_route=\/wp\/v2\/posts\/42755","targetHints":{"allow":["GET"]}}],"collection":[{"href":"https:\/\/contraluzcucuta.co\/index.php?rest_route=\/wp\/v2\/posts"}],"about":[{"href":"https:\/\/contraluzcucuta.co\/index.php?rest_route=\/wp\/v2\/types\/post"}],"author":[{"embeddable":true,"href":"https:\/\/contraluzcucuta.co\/index.php?rest_route=\/wp\/v2\/users\/1"}],"replies":[{"embeddable":true,"href":"https:\/\/contraluzcucuta.co\/index.php?rest_route=%2Fwp%2Fv2%2Fcomments&post=42755"}],"version-history":[{"count":1,"href":"https:\/\/contraluzcucuta.co\/index.php?rest_route=\/wp\/v2\/posts\/42755\/revisions"}],"predecessor-version":[{"id":42757,"href":"https:\/\/contraluzcucuta.co\/index.php?rest_route=\/wp\/v2\/posts\/42755\/revisions\/42757"}],"wp:featuredmedia":[{"embeddable":true,"href":"https:\/\/contraluzcucuta.co\/index.php?rest_route=\/wp\/v2\/media\/42756"}],"wp:attachment":[{"href":"https:\/\/contraluzcucuta.co\/index.php?rest_route=%2Fwp%2Fv2%2Fmedia&parent=42755"}],"wp:term":[{"taxonomy":"category","embeddable":true,"href":"https:\/\/contraluzcucuta.co\/index.php?rest_route=%2Fwp%2Fv2%2Fcategories&post=42755"},{"taxonomy":"post_tag","embeddable":true,"href":"https:\/\/contraluzcucuta.co\/index.php?rest_route=%2Fwp%2Fv2%2Ftags&post=42755"}],"curies":[{"name":"wp","href":"https:\/\/api.w.org\/{rel}","templated":true}]}}