{"id":42751,"date":"2024-07-28T17:30:38","date_gmt":"2024-07-28T22:30:38","guid":{"rendered":"https:\/\/contraluzcucuta.co\/?p=42751"},"modified":"2024-07-28T17:30:38","modified_gmt":"2024-07-28T22:30:38","slug":"sentencia-t-361-avanza-la-delimitacion-del-paramo-de-santurban","status":"publish","type":"post","link":"https:\/\/contraluzcucuta.co\/?p=42751","title":{"rendered":"SENTENCIA T-361. Avanza la delimitaci\u00f3n del P\u00e1ramo de Santurb\u00e1n"},"content":{"rendered":"<p style=\"padding-left: 40px; text-align: right;\"><strong><span style=\"color: #ff9900;\">C\u00daCUTA.- En cumplimiento de la sentencia T-361 de 2017, de la Corte Constitucional, la Gobernaci\u00f3n recorre las zonas de p\u00e1ramo, para avanzar, junto a las comunidades, en la delimitaci\u00f3n del Complejo de P\u00e1ramo Santurb\u00e1n, sector de Berl\u00edn.<\/span><\/strong><\/p>\n<figure id=\"attachment_42753\" aria-describedby=\"caption-attachment-42753\" style=\"width: 248px\" class=\"wp-caption alignleft\"><a href=\"https:\/\/contraluzcucuta.co\/wp-content\/uploads\/2024\/07\/PARAMO-DE-SANTURBAN-DELIMITACION.jpg\"><img loading=\"lazy\" decoding=\"async\" class=\" wp-image-42753\" src=\"https:\/\/contraluzcucuta.co\/wp-content\/uploads\/2024\/07\/PARAMO-DE-SANTURBAN-DELIMITACION-300x225.jpg\" alt=\"\" width=\"248\" height=\"186\" srcset=\"https:\/\/contraluzcucuta.co\/wp-content\/uploads\/2024\/07\/PARAMO-DE-SANTURBAN-DELIMITACION-300x225.jpg 300w, https:\/\/contraluzcucuta.co\/wp-content\/uploads\/2024\/07\/PARAMO-DE-SANTURBAN-DELIMITACION-600x450.jpg 600w, https:\/\/contraluzcucuta.co\/wp-content\/uploads\/2024\/07\/PARAMO-DE-SANTURBAN-DELIMITACION-1024x768.jpg 1024w, https:\/\/contraluzcucuta.co\/wp-content\/uploads\/2024\/07\/PARAMO-DE-SANTURBAN-DELIMITACION-768x576.jpg 768w, https:\/\/contraluzcucuta.co\/wp-content\/uploads\/2024\/07\/PARAMO-DE-SANTURBAN-DELIMITACION-1536x1152.jpg 1536w, https:\/\/contraluzcucuta.co\/wp-content\/uploads\/2024\/07\/PARAMO-DE-SANTURBAN-DELIMITACION.jpg 1600w\" sizes=\"auto, (max-width: 248px) 100vw, 248px\" \/><\/a><figcaption id=\"caption-attachment-42753\" class=\"wp-caption-text\"><em>Foto: Prensa Gobernaci\u00f3n<\/em><\/figcaption><\/figure>\n<p>La delimitaci\u00f3n de los p\u00e1ramos debe ser un proceso inclusivo y participativo, que garantice la protecci\u00f3n de los ecosistemas y los derechos de las comunidades que dependen de ellos, se\u00f1ala la sentencia.<\/p>\n<p>En apoyo al Ministerio de Medio Ambiente y Desarrollo Sostenible, en la organizaci\u00f3n de los encuentros participativos y ciudadanos en Lourdes, Gramalote y Pamplona, se busca avanzar en los temas obligatorios se\u00f1alados por la Corte.<\/p>\n<ul>\n<li>Identificaci\u00f3n y protecci\u00f3n de los derechos fundamentales de las comunidades afectadas.<\/li>\n<li>Incorporaci\u00f3n de informaci\u00f3n ambiental y social precisa y actualizada.<\/li>\n<li>Respeto a los principios de precauci\u00f3n y sostenibilidad ambiental.<\/li>\n<li>Evaluaci\u00f3n de impactos socioecon\u00f3micos y culturales.<\/li>\n<li>Promoci\u00f3n del di\u00e1logo amplio y participativo.<\/li>\n<li>Implementaci\u00f3n de medidas de compensaci\u00f3n y mitigaci\u00f3n adecuadas.<\/li>\n<\/ul>\n<p>\u201cLa participaci\u00f3n activa de la comunidad ha sido crucial para alcanzar una propuesta concertada\u201d, dijo el secretario de Medio Ambiente, Recursos Naturales y Sostenibilidad, Christiam Jim\u00e9nez. Los acuerdos reflejan el proceso inclusivo, en el que todas las voces han sido escuchadas y consideradas. \u201cEste enfoque participativo garantiza que la resoluci\u00f3n final, que delimitar\u00e1 el P\u00e1ramo de Santurb\u00e1n, sea producto de un consenso amplio y representativo\u201d.<\/p>\n<p>La Gobernaci\u00f3n mantiene firme el compromiso con el campesinado y con el saneamiento predial, el cuidado y la preservaci\u00f3n de los ecosistemas naturales de la regi\u00f3n.<\/p>\n<p>La delimitaci\u00f3n del p\u00e1ramo no solo cumple con una obligaci\u00f3n judicial, sino que representa el paso hacia la sostenibilidad ambiental y el bienestar de las comunidades locales.<\/p>\n<p><strong>Ingrid Jaimes \u2013 Gobernaci\u00f3n de Norte de Santander<\/strong><\/p>\n","protected":false},"excerpt":{"rendered":"<p>C\u00daCUTA.- En cumplimiento de la sentencia T-361 de 2017, de la Corte Constitucional, la Gobernaci\u00f3n recorre las zonas de p\u00e1ramo, para avanzar, junto a las comunidades, en la delimitaci\u00f3n del Complejo de P\u00e1ramo Santurb\u00e1n, sector de Berl\u00edn. La delimitaci\u00f3n de los p\u00e1ramos debe ser un proceso inclusivo y participativo, que garantice la protecci\u00f3n de los &hellip;<\/p>\n","protected":false},"author":1,"featured_media":42752,"comment_status":"open","ping_status":"open","sticky":false,"template":"","format":"standard","meta":{"footnotes":""},"categories":[4,347,32],"tags":[3391,379,6526,200],"class_list":["post-42751","post","type-post","status-publish","format-standard","has-post-thumbnail","hentry","category-barra","category-medio-ambiente","category-recorrido-por-la-region","tag-corte-constitucional","tag-gobernacion-de-norte-de-santander","tag-ministerio-de-medio-ambiente","tag-paramo-de-santurban"],"_links":{"self":[{"href":"https:\/\/contraluzcucuta.co\/index.php?rest_route=\/wp\/v2\/posts\/42751","targetHints":{"allow":["GET"]}}],"collection":[{"href":"https:\/\/contraluzcucuta.co\/index.php?rest_route=\/wp\/v2\/posts"}],"about":[{"href":"https:\/\/contraluzcucuta.co\/index.php?rest_route=\/wp\/v2\/types\/post"}],"author":[{"embeddable":true,"href":"https:\/\/contraluzcucuta.co\/index.php?rest_route=\/wp\/v2\/users\/1"}],"replies":[{"embeddable":true,"href":"https:\/\/contraluzcucuta.co\/index.php?rest_route=%2Fwp%2Fv2%2Fcomments&post=42751"}],"version-history":[{"count":1,"href":"https:\/\/contraluzcucuta.co\/index.php?rest_route=\/wp\/v2\/posts\/42751\/revisions"}],"predecessor-version":[{"id":42754,"href":"https:\/\/contraluzcucuta.co\/index.php?rest_route=\/wp\/v2\/posts\/42751\/revisions\/42754"}],"wp:featuredmedia":[{"embeddable":true,"href":"https:\/\/contraluzcucuta.co\/index.php?rest_route=\/wp\/v2\/media\/42752"}],"wp:attachment":[{"href":"https:\/\/contraluzcucuta.co\/index.php?rest_route=%2Fwp%2Fv2%2Fmedia&parent=42751"}],"wp:term":[{"taxonomy":"category","embeddable":true,"href":"https:\/\/contraluzcucuta.co\/index.php?rest_route=%2Fwp%2Fv2%2Fcategories&post=42751"},{"taxonomy":"post_tag","embeddable":true,"href":"https:\/\/contraluzcucuta.co\/index.php?rest_route=%2Fwp%2Fv2%2Ftags&post=42751"}],"curies":[{"name":"wp","href":"https:\/\/api.w.org\/{rel}","templated":true}]}}