{"id":42743,"date":"2024-07-26T04:07:39","date_gmt":"2024-07-26T09:07:39","guid":{"rendered":"https:\/\/contraluzcucuta.co\/?p=42743"},"modified":"2024-07-26T04:07:39","modified_gmt":"2024-07-26T09:07:39","slug":"decreto-0287-lucha-contra-el-ruido-primeros-resultados","status":"publish","type":"post","link":"https:\/\/contraluzcucuta.co\/?p=42743","title":{"rendered":"DECRETO 0287. Lucha contra el ruido, primeros resultados"},"content":{"rendered":"<p><a href=\"https:\/\/contraluzcucuta.co\/wp-content\/uploads\/2024\/07\/ALCALDIA-RUIDO-3.jpeg\"><img loading=\"lazy\" decoding=\"async\" class=\"alignnone  wp-image-42745 alignleft\" src=\"https:\/\/contraluzcucuta.co\/wp-content\/uploads\/2024\/07\/ALCALDIA-RUIDO-3-300x225.jpeg\" alt=\"\" width=\"248\" height=\"186\" srcset=\"https:\/\/contraluzcucuta.co\/wp-content\/uploads\/2024\/07\/ALCALDIA-RUIDO-3-300x225.jpeg 300w, https:\/\/contraluzcucuta.co\/wp-content\/uploads\/2024\/07\/ALCALDIA-RUIDO-3-600x450.jpeg 600w, https:\/\/contraluzcucuta.co\/wp-content\/uploads\/2024\/07\/ALCALDIA-RUIDO-3-1024x768.jpeg 1024w, https:\/\/contraluzcucuta.co\/wp-content\/uploads\/2024\/07\/ALCALDIA-RUIDO-3-768x576.jpeg 768w, https:\/\/contraluzcucuta.co\/wp-content\/uploads\/2024\/07\/ALCALDIA-RUIDO-3.jpeg 1280w\" sizes=\"auto, (max-width: 248px) 100vw, 248px\" \/><\/a><\/p>\n<p><strong><span style=\"color: #ff9900;\">C\u00daCUTA.- Incautados cuatro meg\u00e1fonos y un parlante de un almac\u00e9n formal que generaba ruido en la calle 10. Ese es el resultado de la primera jornada de control y mitigaci\u00f3n del ruido en el centro de la ciudad. La acci\u00f3n se llev\u00f3 a cabo en cumplimiento del Decreto 0287 del 3 de julio.<\/span><\/strong><\/p>\n<p>El secretario de gobierno Miguel Castellanos destac\u00f3 que la mayor\u00eda de los vendedores ambulantes no utilizaban parlantes. \u201cLo que muestra un cumplimiento de la normativa. Nuestro enfoque no va en contra del derecho al trabajo\u201d.<\/p>\n<p>La Alcald\u00eda garantiza los derechos de los trabajadores y vela por la tranquilidad de los cucute\u00f1os. Continuar\u00e1 con las acciones en las comunas afectadas por esta contaminaci\u00f3n. El secretario Castellanos insisti\u00f3 en que los controles seguir\u00e1n durante el a\u00f1o.<\/p>\n","protected":false},"excerpt":{"rendered":"<p>C\u00daCUTA.- Incautados cuatro meg\u00e1fonos y un parlante de un almac\u00e9n formal que generaba ruido en la calle 10. Ese es el resultado de la primera jornada de control y mitigaci\u00f3n del ruido en el centro de la ciudad. La acci\u00f3n se llev\u00f3 a cabo en cumplimiento del Decreto 0287 del 3 de julio. El secretario &hellip;<\/p>\n","protected":false},"author":1,"featured_media":42744,"comment_status":"open","ping_status":"open","sticky":false,"template":"","format":"standard","meta":{"footnotes":""},"categories":[11,4],"tags":[226,6524,6482],"class_list":["post-42743","post","type-post","status-publish","format-standard","has-post-thumbnail","hentry","category-cronica-roja","category-barra","tag-alcaldia-de-cucuta","tag-decreto-0287","tag-secretaria-de-gobierno-de-cucuta"],"_links":{"self":[{"href":"https:\/\/contraluzcucuta.co\/index.php?rest_route=\/wp\/v2\/posts\/42743","targetHints":{"allow":["GET"]}}],"collection":[{"href":"https:\/\/contraluzcucuta.co\/index.php?rest_route=\/wp\/v2\/posts"}],"about":[{"href":"https:\/\/contraluzcucuta.co\/index.php?rest_route=\/wp\/v2\/types\/post"}],"author":[{"embeddable":true,"href":"https:\/\/contraluzcucuta.co\/index.php?rest_route=\/wp\/v2\/users\/1"}],"replies":[{"embeddable":true,"href":"https:\/\/contraluzcucuta.co\/index.php?rest_route=%2Fwp%2Fv2%2Fcomments&post=42743"}],"version-history":[{"count":1,"href":"https:\/\/contraluzcucuta.co\/index.php?rest_route=\/wp\/v2\/posts\/42743\/revisions"}],"predecessor-version":[{"id":42746,"href":"https:\/\/contraluzcucuta.co\/index.php?rest_route=\/wp\/v2\/posts\/42743\/revisions\/42746"}],"wp:featuredmedia":[{"embeddable":true,"href":"https:\/\/contraluzcucuta.co\/index.php?rest_route=\/wp\/v2\/media\/42744"}],"wp:attachment":[{"href":"https:\/\/contraluzcucuta.co\/index.php?rest_route=%2Fwp%2Fv2%2Fmedia&parent=42743"}],"wp:term":[{"taxonomy":"category","embeddable":true,"href":"https:\/\/contraluzcucuta.co\/index.php?rest_route=%2Fwp%2Fv2%2Fcategories&post=42743"},{"taxonomy":"post_tag","embeddable":true,"href":"https:\/\/contraluzcucuta.co\/index.php?rest_route=%2Fwp%2Fv2%2Ftags&post=42743"}],"curies":[{"name":"wp","href":"https:\/\/api.w.org\/{rel}","templated":true}]}}