{"id":42738,"date":"2024-07-26T03:52:19","date_gmt":"2024-07-26T08:52:19","guid":{"rendered":"https:\/\/contraluzcucuta.co\/?p=42738"},"modified":"2024-07-26T03:52:19","modified_gmt":"2024-07-26T08:52:19","slug":"peregrinacion-tachira-sera-la-capital-religiosa-de-venezuela","status":"publish","type":"post","link":"https:\/\/contraluzcucuta.co\/?p=42738","title":{"rendered":"PEREGRINACI\u00d3N. T\u00e1chira ser\u00e1 la capital religiosa de Venezuela"},"content":{"rendered":"<p style=\"padding-left: 40px; text-align: right;\"><strong><span style=\"color: #ff9900;\">SAN CRIST\u00d3BAL \u2013 Venezuela.- Al acercarse la fecha de la celebraci\u00f3n de los 414 a\u00f1os del Santo Cristo de la Grita, patrono y protector del T\u00e1chira, el obispo de la Di\u00f3cesis de San Crist\u00f3bal, monse\u00f1or Mario Moronta, y el gobernador del estado, Freddy Bernal, informaron acerca de las actividades programadas y los dispositivos de seguridad y atenci\u00f3n que garantizar\u00e1n el bienestar de los peregrinos.<\/span><\/strong><\/p>\n<p><a href=\"https:\/\/contraluzcucuta.co\/wp-content\/uploads\/2024\/07\/SANTO-CRISTO-DE-LA-GRITA-8.jpg\"><img loading=\"lazy\" decoding=\"async\" class=\"alignnone  wp-image-42740 alignleft\" src=\"https:\/\/contraluzcucuta.co\/wp-content\/uploads\/2024\/07\/SANTO-CRISTO-DE-LA-GRITA-8-300x225.jpg\" alt=\"\" width=\"249\" height=\"187\" srcset=\"https:\/\/contraluzcucuta.co\/wp-content\/uploads\/2024\/07\/SANTO-CRISTO-DE-LA-GRITA-8-300x225.jpg 300w, https:\/\/contraluzcucuta.co\/wp-content\/uploads\/2024\/07\/SANTO-CRISTO-DE-LA-GRITA-8-600x450.jpg 600w, https:\/\/contraluzcucuta.co\/wp-content\/uploads\/2024\/07\/SANTO-CRISTO-DE-LA-GRITA-8-1024x768.jpg 1024w, https:\/\/contraluzcucuta.co\/wp-content\/uploads\/2024\/07\/SANTO-CRISTO-DE-LA-GRITA-8-768x576.jpg 768w, https:\/\/contraluzcucuta.co\/wp-content\/uploads\/2024\/07\/SANTO-CRISTO-DE-LA-GRITA-8.jpg 1080w\" sizes=\"auto, (max-width: 249px) 100vw, 249px\" \/><\/a><\/p>\n<p>\u201cQueremos ratificar la seriedad de lo que estamos haciendo\u201d, dijo el prelado.\u00a0 En los \u00faltimos a\u00f1os han unido esfuerzos la Iglesia y las instituciones p\u00fablicas y privadas en torno a la celebraci\u00f3n del Santo Cristo. \u201cEl T\u00e1chira va a ser la capital religiosa de Venezuela\u201d expres\u00f3 el Obispo.<\/p>\n<p>El primero de agosto, ser\u00e1 la peregrinaci\u00f3n de los sacerdotes diocesanos al Santuario del Santo Cristo. Al d\u00eda siguiente, se llevar\u00e1 acabo la celebraci\u00f3n por la memoria lit\u00fargica de Nuestra Se\u00f1ora de Los \u00c1ngeles, patrona del municipio J\u00e1uregui. El 3 de agosto, la imagen de la Virgen ser\u00e1 trasladada a La Porqueras y posteriormente ser\u00e1 llevada al Santuario Diocesano para acompa\u00f1ar las celebraciones del Cristo del Rostro Sereno.<\/p>\n<p>El 5 de agosto, continuar\u00e1 la recepci\u00f3n de peregrinos. En la tarde, se har\u00e1 la bendici\u00f3n de los ni\u00f1os. El d\u00eda central, a partir de la 1:00 de la madrugada, comenzar\u00e1n las eucarist\u00edas cada hora. A las 10:00 de la ma\u00f1ana, ser\u00e1 la Misa Pontifical, para dar paso a la procesi\u00f3n de retorno del Santo Cristo y de Nuestra Se\u00f1ora de Los \u00c1ngeles a sus respectivos templos.<\/p>\n<p>Se espera la visita de 120.000 feligreses, que llegar\u00e1n de Caracas, Trujillo, M\u00e9rida y Colombia.<\/p>\n<p><a href=\"https:\/\/contraluzcucuta.co\/wp-content\/uploads\/2024\/07\/SANTO-CRISTO-DE-LA-GRITA-6A.jpg\"><img loading=\"lazy\" decoding=\"async\" class=\"alignnone  wp-image-42741 alignleft\" src=\"https:\/\/contraluzcucuta.co\/wp-content\/uploads\/2024\/07\/SANTO-CRISTO-DE-LA-GRITA-6A-199x300.jpg\" alt=\"\" width=\"195\" height=\"294\" srcset=\"https:\/\/contraluzcucuta.co\/wp-content\/uploads\/2024\/07\/SANTO-CRISTO-DE-LA-GRITA-6A-199x300.jpg 199w, https:\/\/contraluzcucuta.co\/wp-content\/uploads\/2024\/07\/SANTO-CRISTO-DE-LA-GRITA-6A.jpg 530w\" sizes=\"auto, (max-width: 195px) 100vw, 195px\" \/><\/a><\/p>\n<p>El gobernador del estado T\u00e1chira, Freddy Bernal, inform\u00f3 que hay gente en peregrinaci\u00f3n y asegur\u00f3 que se va a garantizar la seguridad para tachirenses y visitantes.<\/p>\n<p>\u201cPara garantizar una peregrinaci\u00f3n segura, tenemos 8 rutas: Cordero, Michelena, La Fr\u00eda, Umuquena, Pueblo Encima, Bailadores, Pregonero y Queniquea, a lo largo de las cuales se va a custodiar a los caminantes. Habr\u00e1 20 puestos de auxilio y de hidrataci\u00f3n, y la presencia y monitoreo de funcionarios policiales, de rescate y salvamento.<\/p>\n","protected":false},"excerpt":{"rendered":"<p>SAN CRIST\u00d3BAL \u2013 Venezuela.- Al acercarse la fecha de la celebraci\u00f3n de los 414 a\u00f1os del Santo Cristo de la Grita, patrono y protector del T\u00e1chira, el obispo de la Di\u00f3cesis de San Crist\u00f3bal, monse\u00f1or Mario Moronta, y el gobernador del estado, Freddy Bernal, informaron acerca de las actividades programadas y los dispositivos de seguridad &hellip;<\/p>\n","protected":false},"author":1,"featured_media":42739,"comment_status":"open","ping_status":"open","sticky":false,"template":"","format":"standard","meta":{"footnotes":""},"categories":[4,39],"tags":[1584,6522,6523],"class_list":["post-42738","post","type-post","status-publish","format-standard","has-post-thumbnail","hentry","category-barra","category-miradas-ajenas","tag-diocesis-de-san-cristobal","tag-peregrinacion","tag-santo-cristo-de-la-grita"],"_links":{"self":[{"href":"https:\/\/contraluzcucuta.co\/index.php?rest_route=\/wp\/v2\/posts\/42738","targetHints":{"allow":["GET"]}}],"collection":[{"href":"https:\/\/contraluzcucuta.co\/index.php?rest_route=\/wp\/v2\/posts"}],"about":[{"href":"https:\/\/contraluzcucuta.co\/index.php?rest_route=\/wp\/v2\/types\/post"}],"author":[{"embeddable":true,"href":"https:\/\/contraluzcucuta.co\/index.php?rest_route=\/wp\/v2\/users\/1"}],"replies":[{"embeddable":true,"href":"https:\/\/contraluzcucuta.co\/index.php?rest_route=%2Fwp%2Fv2%2Fcomments&post=42738"}],"version-history":[{"count":1,"href":"https:\/\/contraluzcucuta.co\/index.php?rest_route=\/wp\/v2\/posts\/42738\/revisions"}],"predecessor-version":[{"id":42742,"href":"https:\/\/contraluzcucuta.co\/index.php?rest_route=\/wp\/v2\/posts\/42738\/revisions\/42742"}],"wp:featuredmedia":[{"embeddable":true,"href":"https:\/\/contraluzcucuta.co\/index.php?rest_route=\/wp\/v2\/media\/42739"}],"wp:attachment":[{"href":"https:\/\/contraluzcucuta.co\/index.php?rest_route=%2Fwp%2Fv2%2Fmedia&parent=42738"}],"wp:term":[{"taxonomy":"category","embeddable":true,"href":"https:\/\/contraluzcucuta.co\/index.php?rest_route=%2Fwp%2Fv2%2Fcategories&post=42738"},{"taxonomy":"post_tag","embeddable":true,"href":"https:\/\/contraluzcucuta.co\/index.php?rest_route=%2Fwp%2Fv2%2Ftags&post=42738"}],"curies":[{"name":"wp","href":"https:\/\/api.w.org\/{rel}","templated":true}]}}