{"id":42723,"date":"2024-07-24T05:35:15","date_gmt":"2024-07-24T10:35:15","guid":{"rendered":"https:\/\/contraluzcucuta.co\/?p=42723"},"modified":"2024-07-24T05:35:15","modified_gmt":"2024-07-24T10:35:15","slug":"emprendedores-artesanales-doce-municipios-exhibieron-variedad-de-productos","status":"publish","type":"post","link":"https:\/\/contraluzcucuta.co\/?p=42723","title":{"rendered":"EMPRENDEDORES ARTESANALES. Doce municipios exhibieron variedad de productos"},"content":{"rendered":"<p style=\"padding-left: 40px; text-align: right;\"><strong><span style=\"color: #ff9900;\">CHIN\u00c1COTA \u2013 Norte de Santander.- La diversidad y la calidad de los productos expuestos durante el primer \u2018Encuentro de Emprendedores Artesanales\u2019, reflejaron el talento y la creatividad de los emprendedores artesanales de Norte de Santander. La actividad se cumpli\u00f3 el 20 y el 21 de julio en Chin\u00e1cota.<\/span><\/strong><\/p>\n<p><a href=\"https:\/\/contraluzcucuta.co\/wp-content\/uploads\/2024\/07\/EMPRENDEDORES-ARTESANALES-1.jpg\"><img loading=\"lazy\" decoding=\"async\" class=\"alignnone  wp-image-42725 alignleft\" src=\"https:\/\/contraluzcucuta.co\/wp-content\/uploads\/2024\/07\/EMPRENDEDORES-ARTESANALES-1-300x219.jpg\" alt=\"\" width=\"248\" height=\"181\" srcset=\"https:\/\/contraluzcucuta.co\/wp-content\/uploads\/2024\/07\/EMPRENDEDORES-ARTESANALES-1-300x219.jpg 300w, https:\/\/contraluzcucuta.co\/wp-content\/uploads\/2024\/07\/EMPRENDEDORES-ARTESANALES-1-600x438.jpg 600w, https:\/\/contraluzcucuta.co\/wp-content\/uploads\/2024\/07\/EMPRENDEDORES-ARTESANALES-1-768x561.jpg 768w, https:\/\/contraluzcucuta.co\/wp-content\/uploads\/2024\/07\/EMPRENDEDORES-ARTESANALES-1.jpg 960w\" sizes=\"auto, (max-width: 248px) 100vw, 248px\" \/><\/a><\/p>\n<p>Cien emprendedores artesanales de 12 municipios exhibieron variedad de bebidas, alimentos tradicionales, bisuter\u00eda, marroquiner\u00eda con t\u00e9cnicas aut\u00f3ctonas y habilidades manuales, velas artesanales y tinas para el hogar.<\/p>\n<p>El encuentro, promovido por la Secretar\u00eda de Desarrollo Econ\u00f3mico y Productividad; Artesan\u00edas de Colombia, programa Compra Nortesantandereano y la alcald\u00eda de Chin\u00e1cota logr\u00f3 ventas que superaron los $ 30 millones. As\u00ed, se reafirm\u00f3 el compromiso de la administraci\u00f3n departamental con cada una de las subregiones para acercar, cada vez m\u00e1s, a los emprendedores a un mercado directo.<\/p>\n<p>\u201cEste tipo de eventos busca fortalecer los mercados local y regional, y encontrar aliados estrat\u00e9gicos que permitan el crecimiento de las unidades productivas de nuestros artesanos\u00bb, dijo el secretario de Desarrollo, Olger L\u00f3pez.<\/p>\n<p>Los emprendedores comercializaron los productos y establecieron contactos para futuros negocios y colaboraciones que permitan apostarle al desarrollo econ\u00f3mico de Norte de Santander.<\/p>\n<p>Isabel Obando \u2013 Gobernaci\u00f3n de Norte de Santander<\/p>\n","protected":false},"excerpt":{"rendered":"<p>CHIN\u00c1COTA \u2013 Norte de Santander.- La diversidad y la calidad de los productos expuestos durante el primer \u2018Encuentro de Emprendedores Artesanales\u2019, reflejaron el talento y la creatividad de los emprendedores artesanales de Norte de Santander. La actividad se cumpli\u00f3 el 20 y el 21 de julio en Chin\u00e1cota. Cien emprendedores artesanales de 12 municipios exhibieron &hellip;<\/p>\n","protected":false},"author":1,"featured_media":42724,"comment_status":"open","ping_status":"open","sticky":false,"template":"","format":"standard","meta":{"footnotes":""},"categories":[4,36],"tags":[2781,6517,6518,6516,3925],"class_list":["post-42723","post","type-post","status-publish","format-standard","has-post-thumbnail","hentry","category-barra","category-la-voz-del-pueblo","tag-alcaldia-de-chinacota","tag-artesanias-de-colombia","tag-compra-nortesantandereano","tag-emprendedores-artesanales","tag-secretaria-de-desarrollo-economico"],"_links":{"self":[{"href":"https:\/\/contraluzcucuta.co\/index.php?rest_route=\/wp\/v2\/posts\/42723","targetHints":{"allow":["GET"]}}],"collection":[{"href":"https:\/\/contraluzcucuta.co\/index.php?rest_route=\/wp\/v2\/posts"}],"about":[{"href":"https:\/\/contraluzcucuta.co\/index.php?rest_route=\/wp\/v2\/types\/post"}],"author":[{"embeddable":true,"href":"https:\/\/contraluzcucuta.co\/index.php?rest_route=\/wp\/v2\/users\/1"}],"replies":[{"embeddable":true,"href":"https:\/\/contraluzcucuta.co\/index.php?rest_route=%2Fwp%2Fv2%2Fcomments&post=42723"}],"version-history":[{"count":1,"href":"https:\/\/contraluzcucuta.co\/index.php?rest_route=\/wp\/v2\/posts\/42723\/revisions"}],"predecessor-version":[{"id":42726,"href":"https:\/\/contraluzcucuta.co\/index.php?rest_route=\/wp\/v2\/posts\/42723\/revisions\/42726"}],"wp:featuredmedia":[{"embeddable":true,"href":"https:\/\/contraluzcucuta.co\/index.php?rest_route=\/wp\/v2\/media\/42724"}],"wp:attachment":[{"href":"https:\/\/contraluzcucuta.co\/index.php?rest_route=%2Fwp%2Fv2%2Fmedia&parent=42723"}],"wp:term":[{"taxonomy":"category","embeddable":true,"href":"https:\/\/contraluzcucuta.co\/index.php?rest_route=%2Fwp%2Fv2%2Fcategories&post=42723"},{"taxonomy":"post_tag","embeddable":true,"href":"https:\/\/contraluzcucuta.co\/index.php?rest_route=%2Fwp%2Fv2%2Ftags&post=42723"}],"curies":[{"name":"wp","href":"https:\/\/api.w.org\/{rel}","templated":true}]}}