{"id":42719,"date":"2024-07-24T05:19:31","date_gmt":"2024-07-24T10:19:31","guid":{"rendered":"https:\/\/contraluzcucuta.co\/?p=42719"},"modified":"2024-07-24T05:19:31","modified_gmt":"2024-07-24T10:19:31","slug":"cucuta-territorio-seguro-126-policias-llegaron-a-reforzar-la-seguridad","status":"publish","type":"post","link":"https:\/\/contraluzcucuta.co\/?p=42719","title":{"rendered":"C\u00daCUTA TERRITORIO SEGURO. 126 polic\u00edas llegaron a reforzar la seguridad"},"content":{"rendered":"<p style=\"padding-left: 40px; text-align: right;\"><strong><span style=\"color: #ff9900;\">C\u00daCUTA.- 66 hombres y 60 mujeres tendr\u00e1n la misi\u00f3n de trabajar en equipo y Garantizar la seguridad y la convivencia ciudadana. La llegada de estos 126 agentes hace parte de la estrategia \u00b4C\u00facuta Territorio Seguro\u2019 y fortalecer\u00e1n los operativos de control y vigilancia en la ciudad.<\/span><\/strong><\/p>\n<p><a href=\"https:\/\/contraluzcucuta.co\/wp-content\/uploads\/2024\/07\/POLICIA-REFUERZOS-1.jpg\"><img loading=\"lazy\" decoding=\"async\" class=\"alignnone  wp-image-42721 alignleft\" src=\"https:\/\/contraluzcucuta.co\/wp-content\/uploads\/2024\/07\/POLICIA-REFUERZOS-1-300x169.jpg\" alt=\"\" width=\"247\" height=\"139\" srcset=\"https:\/\/contraluzcucuta.co\/wp-content\/uploads\/2024\/07\/POLICIA-REFUERZOS-1-300x169.jpg 300w, https:\/\/contraluzcucuta.co\/wp-content\/uploads\/2024\/07\/POLICIA-REFUERZOS-1-600x338.jpg 600w, https:\/\/contraluzcucuta.co\/wp-content\/uploads\/2024\/07\/POLICIA-REFUERZOS-1-1024x576.jpg 1024w, https:\/\/contraluzcucuta.co\/wp-content\/uploads\/2024\/07\/POLICIA-REFUERZOS-1-768x432.jpg 768w, https:\/\/contraluzcucuta.co\/wp-content\/uploads\/2024\/07\/POLICIA-REFUERZOS-1.jpg 1280w\" sizes=\"auto, (max-width: 247px) 100vw, 247px\" \/><\/a><\/p>\n<p>El aumento de la fuerza p\u00fablica es resultado de la gesti\u00f3n ante el general William Salamanca, director de la Polic\u00eda, quien se comprometi\u00f3 a aumentar las capacidades institucionales. La Polic\u00eda est\u00e1 cumpliendo; nosotros, como administraci\u00f3n municipal, estamos cumpliendo con el aumento de tecnolog\u00eda y el mejoramiento de las capacidades institucionales\u201d, dijo el alcalde Jorge Acevedo.<\/p>\n<p>Explic\u00f3 que se ha formado equipo entre la Polic\u00eda, el Ej\u00e9rcito y la Fiscal\u00eda, lo que ha permitido obtener resultados positivos en seguridad.<\/p>\n<p>El comandante de la Polic\u00eda Metropolitana de C\u00facuta, William Quintero, expres\u00f3 que los 126 polic\u00edas enviados por el ministerio de Defensa y el general Salamanca recibir\u00e1n capacitaciones para conocer los problemas de la ciudad, la informaci\u00f3n de inteligencia y polic\u00eda judicial, para tener claras las tareas que deben ejecutar.<\/p>\n<p>\u201cLa idea es que estos polic\u00edas operen en las comunas este fin de semana, reforzando los planes de control que tenemos en la ciudad con la estrategia \u2018C\u00facuta Territorio Seguro\u2019, que ha dado excelentes resultados. La idea es seguirla consolidando con m\u00e1s pie de fuerza\u201d, concluy\u00f3 Quintero.<\/p>\n","protected":false},"excerpt":{"rendered":"<p>C\u00daCUTA.- 66 hombres y 60 mujeres tendr\u00e1n la misi\u00f3n de trabajar en equipo y Garantizar la seguridad y la convivencia ciudadana. La llegada de estos 126 agentes hace parte de la estrategia \u00b4C\u00facuta Territorio Seguro\u2019 y fortalecer\u00e1n los operativos de control y vigilancia en la ciudad. El aumento de la fuerza p\u00fablica es resultado de &hellip;<\/p>\n","protected":false},"author":1,"featured_media":42720,"comment_status":"open","ping_status":"open","sticky":false,"template":"","format":"standard","meta":{"footnotes":""},"categories":[11,4],"tags":[226,6238,323,163],"class_list":["post-42719","post","type-post","status-publish","format-standard","has-post-thumbnail","hentry","category-cronica-roja","category-barra","tag-alcaldia-de-cucuta","tag-cucuta-territorio-seguro","tag-mecuc","tag-policia-metropolitana"],"_links":{"self":[{"href":"https:\/\/contraluzcucuta.co\/index.php?rest_route=\/wp\/v2\/posts\/42719","targetHints":{"allow":["GET"]}}],"collection":[{"href":"https:\/\/contraluzcucuta.co\/index.php?rest_route=\/wp\/v2\/posts"}],"about":[{"href":"https:\/\/contraluzcucuta.co\/index.php?rest_route=\/wp\/v2\/types\/post"}],"author":[{"embeddable":true,"href":"https:\/\/contraluzcucuta.co\/index.php?rest_route=\/wp\/v2\/users\/1"}],"replies":[{"embeddable":true,"href":"https:\/\/contraluzcucuta.co\/index.php?rest_route=%2Fwp%2Fv2%2Fcomments&post=42719"}],"version-history":[{"count":1,"href":"https:\/\/contraluzcucuta.co\/index.php?rest_route=\/wp\/v2\/posts\/42719\/revisions"}],"predecessor-version":[{"id":42722,"href":"https:\/\/contraluzcucuta.co\/index.php?rest_route=\/wp\/v2\/posts\/42719\/revisions\/42722"}],"wp:featuredmedia":[{"embeddable":true,"href":"https:\/\/contraluzcucuta.co\/index.php?rest_route=\/wp\/v2\/media\/42720"}],"wp:attachment":[{"href":"https:\/\/contraluzcucuta.co\/index.php?rest_route=%2Fwp%2Fv2%2Fmedia&parent=42719"}],"wp:term":[{"taxonomy":"category","embeddable":true,"href":"https:\/\/contraluzcucuta.co\/index.php?rest_route=%2Fwp%2Fv2%2Fcategories&post=42719"},{"taxonomy":"post_tag","embeddable":true,"href":"https:\/\/contraluzcucuta.co\/index.php?rest_route=%2Fwp%2Fv2%2Ftags&post=42719"}],"curies":[{"name":"wp","href":"https:\/\/api.w.org\/{rel}","templated":true}]}}