{"id":42715,"date":"2024-07-24T04:31:55","date_gmt":"2024-07-24T09:31:55","guid":{"rendered":"https:\/\/contraluzcucuta.co\/?p=42715"},"modified":"2024-07-24T04:31:55","modified_gmt":"2024-07-24T09:31:55","slug":"vitrina-comercial-empresarios-de-la-region-participaron-en-la-feria-ifls","status":"publish","type":"post","link":"https:\/\/contraluzcucuta.co\/?p=42715","title":{"rendered":"VITRINA COMERCIAL. Empresarios de la regi\u00f3n participaron en la Feria IFLS"},"content":{"rendered":"<p><a href=\"https:\/\/contraluzcucuta.co\/wp-content\/uploads\/2024\/07\/VITRINA-COMERCIAL-3.jpg\"><img loading=\"lazy\" decoding=\"async\" class=\"wp-image-42717 alignleft\" src=\"https:\/\/contraluzcucuta.co\/wp-content\/uploads\/2024\/07\/VITRINA-COMERCIAL-3-225x300.jpg\" alt=\"\" width=\"206\" height=\"275\" srcset=\"https:\/\/contraluzcucuta.co\/wp-content\/uploads\/2024\/07\/VITRINA-COMERCIAL-3-225x300.jpg 225w, https:\/\/contraluzcucuta.co\/wp-content\/uploads\/2024\/07\/VITRINA-COMERCIAL-3-600x800.jpg 600w, https:\/\/contraluzcucuta.co\/wp-content\/uploads\/2024\/07\/VITRINA-COMERCIAL-3-768x1024.jpg 768w, https:\/\/contraluzcucuta.co\/wp-content\/uploads\/2024\/07\/VITRINA-COMERCIAL-3.jpg 960w\" sizes=\"auto, (max-width: 206px) 100vw, 206px\" \/><\/a><\/p>\n<p><strong><span style=\"color: #ff9900;\">C\u00daCUTA.- Veinte empresarios de la regi\u00f3n participaron en el International Footwear and Leather Show (IFLS) y la Exhibici\u00f3n Internacional del Cuero e Insumos, Maquinaria y Tecnolog\u00eda (EICI), en Bogot\u00e1. Alrededor de 400 expositores de Norte de Santander, Santander, Antioquia, Valle del Cauca, Bogot\u00e1 y Cundinamarca, gremios regionales y delegaciones de Brasil y M\u00e9xico recibieron a 10.000 visitantes.<\/span><\/strong><\/p>\n<p>La alianza Alcald\u00eda de C\u00facuta, C\u00e1mara de Comercio e INNpulsa Colombia, por medio del programa Zasca, gestion\u00f3 espacios para los empresarios nortesantandereanos. La vitrina comercial visibiliz\u00f3 las marcas de productos regionales y permiti\u00f3 el cierre de negociaciones nacionales e internacionales.<\/p>\n<p>\u201cLa administraci\u00f3n municipal est\u00e1 comprometida con la din\u00e1mica econ\u00f3mica de la ciudad\u201d, dijo el secretario del Banco del Progreso, Luis Javier Chaves. La plataforma de negocios ofrece oportunidades comerciales del producto terminado en calzado, marroquiner\u00eda e insumos y conecta a los asistentes con las \u00faltimas tendencias.<\/p>\n","protected":false},"excerpt":{"rendered":"<p>C\u00daCUTA.- Veinte empresarios de la regi\u00f3n participaron en el International Footwear and Leather Show (IFLS) y la Exhibici\u00f3n Internacional del Cuero e Insumos, Maquinaria y Tecnolog\u00eda (EICI), en Bogot\u00e1. Alrededor de 400 expositores de Norte de Santander, Santander, Antioquia, Valle del Cauca, Bogot\u00e1 y Cundinamarca, gremios regionales y delegaciones de Brasil y M\u00e9xico recibieron a &hellip;<\/p>\n","protected":false},"author":1,"featured_media":42716,"comment_status":"open","ping_status":"open","sticky":false,"template":"","format":"standard","meta":{"footnotes":""},"categories":[2625,4],"tags":[375,6514,6513,6515,6512],"class_list":["post-42715","post","type-post","status-publish","format-standard","has-post-thumbnail","hentry","category-alcaldia-de-cucuta","category-barra","tag-camara-de-comercio-de-cucuta","tag-eici","tag-ifls","tag-innpulsa-colombia","tag-vitrina-comercial"],"_links":{"self":[{"href":"https:\/\/contraluzcucuta.co\/index.php?rest_route=\/wp\/v2\/posts\/42715","targetHints":{"allow":["GET"]}}],"collection":[{"href":"https:\/\/contraluzcucuta.co\/index.php?rest_route=\/wp\/v2\/posts"}],"about":[{"href":"https:\/\/contraluzcucuta.co\/index.php?rest_route=\/wp\/v2\/types\/post"}],"author":[{"embeddable":true,"href":"https:\/\/contraluzcucuta.co\/index.php?rest_route=\/wp\/v2\/users\/1"}],"replies":[{"embeddable":true,"href":"https:\/\/contraluzcucuta.co\/index.php?rest_route=%2Fwp%2Fv2%2Fcomments&post=42715"}],"version-history":[{"count":1,"href":"https:\/\/contraluzcucuta.co\/index.php?rest_route=\/wp\/v2\/posts\/42715\/revisions"}],"predecessor-version":[{"id":42718,"href":"https:\/\/contraluzcucuta.co\/index.php?rest_route=\/wp\/v2\/posts\/42715\/revisions\/42718"}],"wp:featuredmedia":[{"embeddable":true,"href":"https:\/\/contraluzcucuta.co\/index.php?rest_route=\/wp\/v2\/media\/42716"}],"wp:attachment":[{"href":"https:\/\/contraluzcucuta.co\/index.php?rest_route=%2Fwp%2Fv2%2Fmedia&parent=42715"}],"wp:term":[{"taxonomy":"category","embeddable":true,"href":"https:\/\/contraluzcucuta.co\/index.php?rest_route=%2Fwp%2Fv2%2Fcategories&post=42715"},{"taxonomy":"post_tag","embeddable":true,"href":"https:\/\/contraluzcucuta.co\/index.php?rest_route=%2Fwp%2Fv2%2Ftags&post=42715"}],"curies":[{"name":"wp","href":"https:\/\/api.w.org\/{rel}","templated":true}]}}