{"id":42677,"date":"2024-07-19T06:57:38","date_gmt":"2024-07-19T11:57:38","guid":{"rendered":"https:\/\/contraluzcucuta.co\/?p=42677"},"modified":"2024-07-19T06:57:38","modified_gmt":"2024-07-19T11:57:38","slug":"riqueza-cultural-feria-de-innovacion-y-emprendimiento-cultural","status":"publish","type":"post","link":"https:\/\/contraluzcucuta.co\/?p=42677","title":{"rendered":"RIQUEZA CULTURAL. Feria de Innovaci\u00f3n y Emprendimiento Cultural"},"content":{"rendered":"<p style=\"padding-left: 40px; text-align: right;\"><strong><span style=\"color: #ff9900;\">C\u00daCUTA.- El Centro Cultural Quinta Teresa ser\u00e1 el escenario de la Feria de Innovaci\u00f3n y Emprendimiento Cultural \u00abVive la gastronom\u00eda, el turismo y la religiosidad\u00bb. El evento se llevar\u00e1 a cabo del 22 al 25 de julio de 2024, de 8:00 de la ma\u00f1ana a 6:00 de la tarde. Destacar\u00e1 la riqueza cultural y patrimonial de Norte de Santander.<\/span><\/strong><\/p>\n<p><a href=\"https:\/\/contraluzcucuta.co\/wp-content\/uploads\/2024\/07\/AVISO-196.png\"><img loading=\"lazy\" decoding=\"async\" class=\"alignnone  wp-image-42679 alignleft\" src=\"https:\/\/contraluzcucuta.co\/wp-content\/uploads\/2024\/07\/AVISO-196-300x216.png\" alt=\"\" width=\"246\" height=\"177\" srcset=\"https:\/\/contraluzcucuta.co\/wp-content\/uploads\/2024\/07\/AVISO-196-300x216.png 300w, https:\/\/contraluzcucuta.co\/wp-content\/uploads\/2024\/07\/AVISO-196-600x432.png 600w, https:\/\/contraluzcucuta.co\/wp-content\/uploads\/2024\/07\/AVISO-196-1024x737.png 1024w, https:\/\/contraluzcucuta.co\/wp-content\/uploads\/2024\/07\/AVISO-196-768x553.png 768w, https:\/\/contraluzcucuta.co\/wp-content\/uploads\/2024\/07\/AVISO-196.png 1500w\" sizes=\"auto, (max-width: 246px) 100vw, 246px\" \/><\/a><\/p>\n<p>La Feria invita a residentes y visitantes a sumergirse en un mundo de sabores, tradiciones y expresiones art\u00edsticas; adem\u00e1s, del excelente espacio para descubrir y disfrutar en familia.<\/p>\n<p>\u00abQueremos ofrecer a los nortesantandereanos la oportunidad de conocer los emprendimientos culturales en gastronom\u00eda, turismo, exposiciones itinerantes, religiosidad, muestras de econom\u00edas populares y ruedas de negocios\u201d, dijo la secretaria de Cultura, Martha Mar\u00eda Reyes Parra.<\/p>\n<p>Habr\u00e1 teatro, m\u00fasica y danza, para reflejar la apuesta de la administraci\u00f3n departamental por construir un territorio en paz, donde la cultura es fundamental para la sociedad que so\u00f1amos en la frontera.<\/p>\n<p>La experiencia resalta la diversidad cultural de la regi\u00f3n.<\/p>\n<p>Gastronom\u00eda. Degustar y adquirir productos regionales, desde platos tradicionales hasta creaciones innovadoras que fusionan herencia y vanguardia.<\/p>\n<p>Artesan\u00eda local. Encontrar piezas \u00fanicas que reflejan la creatividad de los artesanos, desde tejidos hasta joyer\u00eda, cada una con una historia que contar.<\/p>\n<p>Cultura y el turismo. Disfrutar de presentaciones de teatro, m\u00fasica, danza y exposiciones art\u00edsticas.<\/p>\n<p>Festivales culturales. El despliegue de m\u00fasica, danza, literatura y teatro con actividades para la familia.<\/p>\n<p>Rutas tur\u00edsticas y visitas guiadas. Recorrer rutas patrimoniales y visitar templos, santuarios y monumentos que revelan las tradiciones espirituales de la regi\u00f3n.<\/p>\n<p>Redes de negocio. Emprendedores y empresarios podr\u00e1n conectar, crear alianzas y potenciar el desarrollo cultural.<\/p>\n<p>Conferencias. Participar en paneles sobre emprendimiento sostenible, preservaci\u00f3n del patrimonio y turismo. Expertos compartir\u00e1n sus conocimientos, inspirando a nuevas generaciones.<\/p>\n<p>Ecosistema cultural. Se espera aumentar el valor competitivo, adem\u00e1s de generar oportunidades de desarrollo econ\u00f3mico y social en los municipios de Norte de Santander.<\/p>\n<p>Juan Pablo Escobar \u2013 Gobernaci\u00f3n de Norte de Santander<\/p>\n","protected":false},"excerpt":{"rendered":"<p>C\u00daCUTA.- El Centro Cultural Quinta Teresa ser\u00e1 el escenario de la Feria de Innovaci\u00f3n y Emprendimiento Cultural \u00abVive la gastronom\u00eda, el turismo y la religiosidad\u00bb. El evento se llevar\u00e1 a cabo del 22 al 25 de julio de 2024, de 8:00 de la ma\u00f1ana a 6:00 de la tarde. Destacar\u00e1 la riqueza cultural y patrimonial &hellip;<\/p>\n","protected":false},"author":1,"featured_media":42678,"comment_status":"open","ping_status":"open","sticky":false,"template":"","format":"standard","meta":{"footnotes":""},"categories":[4,37],"tags":[469,4599,222,2891],"class_list":["post-42677","post","type-post","status-publish","format-standard","has-post-thumbnail","hentry","category-barra","category-paseo-cultural","tag-marta-maria-reyes","tag-paseo-cultural","tag-quinta-teresa","tag-secretaria-de-cultura-de-norte-de-santander"],"_links":{"self":[{"href":"https:\/\/contraluzcucuta.co\/index.php?rest_route=\/wp\/v2\/posts\/42677","targetHints":{"allow":["GET"]}}],"collection":[{"href":"https:\/\/contraluzcucuta.co\/index.php?rest_route=\/wp\/v2\/posts"}],"about":[{"href":"https:\/\/contraluzcucuta.co\/index.php?rest_route=\/wp\/v2\/types\/post"}],"author":[{"embeddable":true,"href":"https:\/\/contraluzcucuta.co\/index.php?rest_route=\/wp\/v2\/users\/1"}],"replies":[{"embeddable":true,"href":"https:\/\/contraluzcucuta.co\/index.php?rest_route=%2Fwp%2Fv2%2Fcomments&post=42677"}],"version-history":[{"count":1,"href":"https:\/\/contraluzcucuta.co\/index.php?rest_route=\/wp\/v2\/posts\/42677\/revisions"}],"predecessor-version":[{"id":42680,"href":"https:\/\/contraluzcucuta.co\/index.php?rest_route=\/wp\/v2\/posts\/42677\/revisions\/42680"}],"wp:featuredmedia":[{"embeddable":true,"href":"https:\/\/contraluzcucuta.co\/index.php?rest_route=\/wp\/v2\/media\/42678"}],"wp:attachment":[{"href":"https:\/\/contraluzcucuta.co\/index.php?rest_route=%2Fwp%2Fv2%2Fmedia&parent=42677"}],"wp:term":[{"taxonomy":"category","embeddable":true,"href":"https:\/\/contraluzcucuta.co\/index.php?rest_route=%2Fwp%2Fv2%2Fcategories&post=42677"},{"taxonomy":"post_tag","embeddable":true,"href":"https:\/\/contraluzcucuta.co\/index.php?rest_route=%2Fwp%2Fv2%2Ftags&post=42677"}],"curies":[{"name":"wp","href":"https:\/\/api.w.org\/{rel}","templated":true}]}}