{"id":42663,"date":"2024-07-18T05:22:14","date_gmt":"2024-07-18T10:22:14","guid":{"rendered":"https:\/\/contraluzcucuta.co\/?p=42663"},"modified":"2024-07-18T05:24:07","modified_gmt":"2024-07-18T10:24:07","slug":"historia-cucutena-el-malecon-1983-2024","status":"publish","type":"post","link":"https:\/\/contraluzcucuta.co\/?p=42663","title":{"rendered":"HISTORIA CUCUTE\u00d1A. El Malec\u00f3n, 1983 \u2013 2024"},"content":{"rendered":"<p style=\"padding-left: 40px; text-align: right;\"><strong><span style=\"color: #ff9900;\">C\u00daCUTA.- En 1943, por solicitud del m\u00e9dico y concejal Augusto Mart\u00ednez (C\u00facuta, 15 de junio de 1903 \u2013 12 de marzo de 1954), el Concejo de C\u00facuta expidi\u00f3 el Acuerdo 028 de septiembre de 1943, que \u2018orden\u00f3\u2019 la construcci\u00f3n de varias obras. \u00a0<\/span><\/strong><\/p>\n<ul>\n<li><em>\u201cSobre la ribera occidental del r\u00edo Pamplonita e inmediatamente al lado de la muralla de defensa que se construye en este r\u00edo, se dejar\u00e1 libre una faja de terreno de 20 metros de anchura para la construcci\u00f3n de una avenida que llevar\u00e1 el nombre de \u2018Los Libertadores\u2019\u201d.<\/em> Art\u00edculo 8<\/li>\n<\/ul>\n<p><a href=\"https:\/\/contraluzcucuta.co\/wp-content\/uploads\/2024\/07\/EL-MALECON-HISTORIA-9.jpg\"><img loading=\"lazy\" decoding=\"async\" class=\"alignnone wp-image-42665 alignleft\" src=\"https:\/\/contraluzcucuta.co\/wp-content\/uploads\/2024\/07\/EL-MALECON-HISTORIA-9-300x165.jpg\" alt=\"\" width=\"244\" height=\"134\" srcset=\"https:\/\/contraluzcucuta.co\/wp-content\/uploads\/2024\/07\/EL-MALECON-HISTORIA-9-300x165.jpg 300w, https:\/\/contraluzcucuta.co\/wp-content\/uploads\/2024\/07\/EL-MALECON-HISTORIA-9-600x329.jpg 600w, https:\/\/contraluzcucuta.co\/wp-content\/uploads\/2024\/07\/EL-MALECON-HISTORIA-9-768x422.jpg 768w, https:\/\/contraluzcucuta.co\/wp-content\/uploads\/2024\/07\/EL-MALECON-HISTORIA-9.jpg 798w\" sizes=\"auto, (max-width: 244px) 100vw, 244px\" \/><\/a><\/p>\n<p>En 1957, la Oficina de Valorizaci\u00f3n del municipio contrat\u00f3 con la firma Olaf la terminaci\u00f3n de la construcci\u00f3n de la muralla y la adecuaci\u00f3n de los terrenos para la construcci\u00f3n de la avenida.<\/p>\n<p>El 7 de julio de 1972, el tr\u00e1nsito por el puente \u2018El\u00edas M. Soto\u2019 fue cerrado temporalmente, debido a los trabajos por el paso deprimido de la v\u00eda. Fue reabierto el 20 de septiembre.<\/p>\n<p>Despu\u00e9s de muchos a\u00f1os de trabajo, el 24 de febrero de 1973, en el puente \u2018El\u00edas M. Soto\u2019, a las 7:00 de la noche, se inaugur\u00f3 la avenida Los Libertadores. Al acto asisti\u00f3, como principal gestor en la culminaci\u00f3n de la obra, Argelino Dur\u00e1n Quintero, ministro de Obras P\u00fablicas.<\/p>\n<p>Como muchos cucute\u00f1os paseaban en carro por la v\u00eda y comenzaron a disfrutar la brisa fresca del sonoro r\u00edo, la alcaldesa Margarita Silva proyect\u00f3 el Paseo de los Pr\u00f3ceres, conocido como El Malec\u00f3n. Se inaugur\u00f3 el 17 de julio de 1983.<\/p>\n<p>El 8 de diciembre de 1984, la Corporaci\u00f3n de Ahorro y Vivienda (Conavi) obsequi\u00f3 un gigante reloj digital, ubicado en la avenida Los Libertadores con calle 15.<\/p>\n<p>Consolidado El Malec\u00f3n como sitio de esparcimiento, la administraci\u00f3n municipal inaugur\u00f3, el 26 de julio de 1986, el teatro al aire libre Las Cascadas.<\/p>\n<p><strong>Profesor MIGUEL PALACIOS<\/strong><\/p>\n","protected":false},"excerpt":{"rendered":"<p>C\u00daCUTA.- En 1943, por solicitud del m\u00e9dico y concejal Augusto Mart\u00ednez (C\u00facuta, 15 de junio de 1903 \u2013 12 de marzo de 1954), el Concejo de C\u00facuta expidi\u00f3 el Acuerdo 028 de septiembre de 1943, que \u2018orden\u00f3\u2019 la construcci\u00f3n de varias obras. \u00a0 \u201cSobre la ribera occidental del r\u00edo Pamplonita e inmediatamente al lado de &hellip;<\/p>\n","protected":false},"author":1,"featured_media":42664,"comment_status":"open","ping_status":"open","sticky":false,"template":"","format":"standard","meta":{"footnotes":""},"categories":[45,4],"tags":[226,2485,695,5984],"class_list":["post-42663","post","type-post","status-publish","format-standard","has-post-thumbnail","hentry","category-destacado","category-barra","tag-alcaldia-de-cucuta","tag-avenida-los-libertadores","tag-el-malecon-de-cucuta","tag-historia-cucutena"],"_links":{"self":[{"href":"https:\/\/contraluzcucuta.co\/index.php?rest_route=\/wp\/v2\/posts\/42663","targetHints":{"allow":["GET"]}}],"collection":[{"href":"https:\/\/contraluzcucuta.co\/index.php?rest_route=\/wp\/v2\/posts"}],"about":[{"href":"https:\/\/contraluzcucuta.co\/index.php?rest_route=\/wp\/v2\/types\/post"}],"author":[{"embeddable":true,"href":"https:\/\/contraluzcucuta.co\/index.php?rest_route=\/wp\/v2\/users\/1"}],"replies":[{"embeddable":true,"href":"https:\/\/contraluzcucuta.co\/index.php?rest_route=%2Fwp%2Fv2%2Fcomments&post=42663"}],"version-history":[{"count":1,"href":"https:\/\/contraluzcucuta.co\/index.php?rest_route=\/wp\/v2\/posts\/42663\/revisions"}],"predecessor-version":[{"id":42666,"href":"https:\/\/contraluzcucuta.co\/index.php?rest_route=\/wp\/v2\/posts\/42663\/revisions\/42666"}],"wp:featuredmedia":[{"embeddable":true,"href":"https:\/\/contraluzcucuta.co\/index.php?rest_route=\/wp\/v2\/media\/42664"}],"wp:attachment":[{"href":"https:\/\/contraluzcucuta.co\/index.php?rest_route=%2Fwp%2Fv2%2Fmedia&parent=42663"}],"wp:term":[{"taxonomy":"category","embeddable":true,"href":"https:\/\/contraluzcucuta.co\/index.php?rest_route=%2Fwp%2Fv2%2Fcategories&post=42663"},{"taxonomy":"post_tag","embeddable":true,"href":"https:\/\/contraluzcucuta.co\/index.php?rest_route=%2Fwp%2Fv2%2Ftags&post=42663"}],"curies":[{"name":"wp","href":"https:\/\/api.w.org\/{rel}","templated":true}]}}