{"id":42659,"date":"2024-07-18T04:26:24","date_gmt":"2024-07-18T09:26:24","guid":{"rendered":"https:\/\/contraluzcucuta.co\/?p=42659"},"modified":"2024-07-18T04:26:24","modified_gmt":"2024-07-18T09:26:24","slug":"arn-en-norte-de-santander-conformada-red-de-mujeres-firmantes-de-paz","status":"publish","type":"post","link":"https:\/\/contraluzcucuta.co\/?p=42659","title":{"rendered":"ARN EN NORTE DE SANTANDER. Conformada red de mujeres firmantes de paz"},"content":{"rendered":"<p style=\"padding-left: 40px; text-align: right;\"><strong><span style=\"color: #ff9900;\">C\u00daCUTA.- \u201cHa sido un bello reencuentro para volver a compartir experiencias de vida\u201d, dijo Katherine Daza, una de las 20 mujeres firmantes de paz que conformaron la red en Norte de Santander. Este espacio les servir\u00e1 para la escucha y el encuentro con la otra. \u201cNos permiti\u00f3 reunirnos con varias mujeres firmantes con quienes compartimos a\u00f1os atr\u00e1s y a quienes no ve\u00edamos desde la dejaci\u00f3n de las armas\u201d.<\/span><\/strong><\/p>\n<p><a href=\"https:\/\/contraluzcucuta.co\/wp-content\/uploads\/2024\/07\/ARN-MUJERES-FIRMANTES-4.jpeg\"><img loading=\"lazy\" decoding=\"async\" class=\"alignnone  wp-image-42661 alignleft\" src=\"https:\/\/contraluzcucuta.co\/wp-content\/uploads\/2024\/07\/ARN-MUJERES-FIRMANTES-4-300x131.jpeg\" alt=\"\" width=\"250\" height=\"109\" srcset=\"https:\/\/contraluzcucuta.co\/wp-content\/uploads\/2024\/07\/ARN-MUJERES-FIRMANTES-4-300x131.jpeg 300w, https:\/\/contraluzcucuta.co\/wp-content\/uploads\/2024\/07\/ARN-MUJERES-FIRMANTES-4-600x262.jpeg 600w, https:\/\/contraluzcucuta.co\/wp-content\/uploads\/2024\/07\/ARN-MUJERES-FIRMANTES-4-1024x446.jpeg 1024w, https:\/\/contraluzcucuta.co\/wp-content\/uploads\/2024\/07\/ARN-MUJERES-FIRMANTES-4-768x335.jpeg 768w, https:\/\/contraluzcucuta.co\/wp-content\/uploads\/2024\/07\/ARN-MUJERES-FIRMANTES-4.jpeg 1280w\" sizes=\"auto, (max-width: 250px) 100vw, 250px\" \/><\/a><\/p>\n<p>La Agencia para la Reincorporaci\u00f3n y la Normalizaci\u00f3n (ARN) acompa\u00f1a los procesos colectivos de las mujeres firmantes de paz en Norte de Santander. El encuentro se logr\u00f3 mediante la articulaci\u00f3n de la ARN, la Misi\u00f3n de Verificaci\u00f3n de la ONU, la Gobernaci\u00f3n de Norte de Santander, el proyecto PazDiversa y la Cooperaci\u00f3n T\u00e9cnica Alemana (GIZ).<\/p>\n<p>La ARN lidera y respalda los procesos colectivos de las mujeres firmantes que desean fortalecer los liderazgos mediante la sororidad. \u201cEl espacio les permiti\u00f3<\/p>\n<p>reencontrarse con sus compa\u00f1eras en la b\u00fasqueda de la conformaci\u00f3n de la red de mujeres\u201d, dijo Lorena Corvera Villamizar, coordinadora de la Agencia en Norte de Santander.<\/p>\n<p>Emilce Baham\u00f3n, firmante de paz, dijo que la experiencia le pareci\u00f3 bonita y destac\u00f3 la integraci\u00f3n. \u201cMe voy satisfecha y con nuevos conocimientos y la posibilidad de haber compartido con otras firmantes que estuvieron con nosotras en los a\u00f1os de lucha\u201d. Afirm\u00f3 que el compromiso, de ahora en adelante, es fortalecer la iniciativa.<\/p>\n<p>Desde el Programa de Reincorporaci\u00f3n Integral, la Agencia busca promover la garant\u00eda de los derechos y las iniciativas de las mujeres firmantes del Acuerdo de Final de Paz en el territorio, con la ejecuci\u00f3n de 51 acciones, entre las que destacan:<\/p>\n<p>&#8211; Implementar programas especiales de fomento a la educaci\u00f3n, salud reproductiva y sexual.<\/p>\n<p>&#8211; Reconocimiento del trabajo del cuidado y proyectos productivos con enfoque de g\u00e9nero<\/p>\n","protected":false},"excerpt":{"rendered":"<p>C\u00daCUTA.- \u201cHa sido un bello reencuentro para volver a compartir experiencias de vida\u201d, dijo Katherine Daza, una de las 20 mujeres firmantes de paz que conformaron la red en Norte de Santander. Este espacio les servir\u00e1 para la escucha y el encuentro con la otra. \u201cNos permiti\u00f3 reunirnos con varias mujeres firmantes con quienes compartimos &hellip;<\/p>\n","protected":false},"author":1,"featured_media":42660,"comment_status":"open","ping_status":"open","sticky":false,"template":"","format":"standard","meta":{"footnotes":""},"categories":[4,5],"tags":[5094,4569,4083,6499],"class_list":["post-42659","post","type-post","status-publish","format-standard","has-post-thumbnail","hentry","category-barra","category-justicia-transicional","tag-agencia-para-la-reincorporacion-y-la-normalizacion","tag-arn","tag-giz","tag-pazdiversa"],"_links":{"self":[{"href":"https:\/\/contraluzcucuta.co\/index.php?rest_route=\/wp\/v2\/posts\/42659","targetHints":{"allow":["GET"]}}],"collection":[{"href":"https:\/\/contraluzcucuta.co\/index.php?rest_route=\/wp\/v2\/posts"}],"about":[{"href":"https:\/\/contraluzcucuta.co\/index.php?rest_route=\/wp\/v2\/types\/post"}],"author":[{"embeddable":true,"href":"https:\/\/contraluzcucuta.co\/index.php?rest_route=\/wp\/v2\/users\/1"}],"replies":[{"embeddable":true,"href":"https:\/\/contraluzcucuta.co\/index.php?rest_route=%2Fwp%2Fv2%2Fcomments&post=42659"}],"version-history":[{"count":1,"href":"https:\/\/contraluzcucuta.co\/index.php?rest_route=\/wp\/v2\/posts\/42659\/revisions"}],"predecessor-version":[{"id":42662,"href":"https:\/\/contraluzcucuta.co\/index.php?rest_route=\/wp\/v2\/posts\/42659\/revisions\/42662"}],"wp:featuredmedia":[{"embeddable":true,"href":"https:\/\/contraluzcucuta.co\/index.php?rest_route=\/wp\/v2\/media\/42660"}],"wp:attachment":[{"href":"https:\/\/contraluzcucuta.co\/index.php?rest_route=%2Fwp%2Fv2%2Fmedia&parent=42659"}],"wp:term":[{"taxonomy":"category","embeddable":true,"href":"https:\/\/contraluzcucuta.co\/index.php?rest_route=%2Fwp%2Fv2%2Fcategories&post=42659"},{"taxonomy":"post_tag","embeddable":true,"href":"https:\/\/contraluzcucuta.co\/index.php?rest_route=%2Fwp%2Fv2%2Ftags&post=42659"}],"curies":[{"name":"wp","href":"https:\/\/api.w.org\/{rel}","templated":true}]}}