{"id":42656,"date":"2024-07-18T04:14:40","date_gmt":"2024-07-18T09:14:40","guid":{"rendered":"https:\/\/contraluzcucuta.co\/?p=42656"},"modified":"2024-07-18T04:14:40","modified_gmt":"2024-07-18T09:14:40","slug":"independencia-de-colombia-desfile-militar-colombia-heroica","status":"publish","type":"post","link":"https:\/\/contraluzcucuta.co\/?p=42656","title":{"rendered":"INDEPENDENCIA DE COLOMBIA. Desfile militar, Colombia Heroica"},"content":{"rendered":"<p style=\"padding-left: 40px; text-align: right;\"><strong><span style=\"color: #ff9900;\">C\u00daCUTA.- \u2018Colombia Heroica\u2019, as\u00ed se denomina el desfile militar y policial con el que se conmemorar\u00e1n los 214 a\u00f1os de la Independencia de Colombia. El acto se llevar\u00e1 a cabo, el 20 de julio a partir de las 9:00 de la ma\u00f1ana. Partir\u00e1 del puente Benito Hern\u00e1ndez, en San Rafael, y culminar\u00e1 en la glorieta Arnulfo Brice\u00f1o.<\/span><\/strong><\/p>\n<p>El gobernador William Villamizar expres\u00f3 entusiasmo por la celebraci\u00f3n y destac\u00f3 la importancia de recordar y honrar los hechos hist\u00f3ricos que han forjado la naci\u00f3n. \u00abLa independencia de Colombia es un hito fundamental en nuestra historia\u201d.<\/p>\n<p>Resalt\u00f3 la relevancia de Norte de Santander en el contexto hist\u00f3rico y contempor\u00e1neo del pa\u00eds. \u00abNuestra regi\u00f3n, no solo fue testigo de importantes batallas de la independencia, sino que tambi\u00e9n ha sido protagonista en el desarrollo econ\u00f3mico y social de Colombia\u201d.<\/p>\n<p>El desfile \u2018Colombia Heroica\u2019 participar\u00e1n unidades militares y policiales, que rendir\u00e1n homenaje a los h\u00e9roes de la independencia con la exhibici\u00f3n de disciplina, valor y patriotismo. El objetivo de la actividad es conmemorar el pasado e inspirar a las nuevas generaciones a valorar y preservar la herencia hist\u00f3rica y cultural.<\/p>\n<p>\u00abEstamos dedicados a construir un departamento que apueste por el desarrollo integral de Colombia, a trav\u00e9s del fortalecimiento del \u00e1rea metropolitana de C\u00facuta, El Catatumbo y la zona de frontera\u201d, dijo\u00a0 Villamizar Laguado.<\/p>\n<p>Luis Tob\u00f3n \u2013 Gobernaci\u00f3n de Norte de Santander<\/p>\n","protected":false},"excerpt":{"rendered":"<p>C\u00daCUTA.- \u2018Colombia Heroica\u2019, as\u00ed se denomina el desfile militar y policial con el que se conmemorar\u00e1n los 214 a\u00f1os de la Independencia de Colombia. El acto se llevar\u00e1 a cabo, el 20 de julio a partir de las 9:00 de la ma\u00f1ana. Partir\u00e1 del puente Benito Hern\u00e1ndez, en San Rafael, y culminar\u00e1 en la glorieta &hellip;<\/p>\n","protected":false},"author":1,"featured_media":42657,"comment_status":"open","ping_status":"open","sticky":false,"template":"","format":"standard","meta":{"footnotes":""},"categories":[11,4,6011],"tags":[6498,777,379],"class_list":["post-42656","post","type-post","status-publish","format-standard","has-post-thumbnail","hentry","category-cronica-roja","category-barra","category-gobernacion-de-norte-de-santander","tag-colombia-heroica","tag-desfile-militar-del-20-de-julio","tag-gobernacion-de-norte-de-santander"],"_links":{"self":[{"href":"https:\/\/contraluzcucuta.co\/index.php?rest_route=\/wp\/v2\/posts\/42656","targetHints":{"allow":["GET"]}}],"collection":[{"href":"https:\/\/contraluzcucuta.co\/index.php?rest_route=\/wp\/v2\/posts"}],"about":[{"href":"https:\/\/contraluzcucuta.co\/index.php?rest_route=\/wp\/v2\/types\/post"}],"author":[{"embeddable":true,"href":"https:\/\/contraluzcucuta.co\/index.php?rest_route=\/wp\/v2\/users\/1"}],"replies":[{"embeddable":true,"href":"https:\/\/contraluzcucuta.co\/index.php?rest_route=%2Fwp%2Fv2%2Fcomments&post=42656"}],"version-history":[{"count":1,"href":"https:\/\/contraluzcucuta.co\/index.php?rest_route=\/wp\/v2\/posts\/42656\/revisions"}],"predecessor-version":[{"id":42658,"href":"https:\/\/contraluzcucuta.co\/index.php?rest_route=\/wp\/v2\/posts\/42656\/revisions\/42658"}],"wp:featuredmedia":[{"embeddable":true,"href":"https:\/\/contraluzcucuta.co\/index.php?rest_route=\/wp\/v2\/media\/42657"}],"wp:attachment":[{"href":"https:\/\/contraluzcucuta.co\/index.php?rest_route=%2Fwp%2Fv2%2Fmedia&parent=42656"}],"wp:term":[{"taxonomy":"category","embeddable":true,"href":"https:\/\/contraluzcucuta.co\/index.php?rest_route=%2Fwp%2Fv2%2Fcategories&post=42656"},{"taxonomy":"post_tag","embeddable":true,"href":"https:\/\/contraluzcucuta.co\/index.php?rest_route=%2Fwp%2Fv2%2Ftags&post=42656"}],"curies":[{"name":"wp","href":"https:\/\/api.w.org\/{rel}","templated":true}]}}