{"id":42651,"date":"2024-07-18T04:02:22","date_gmt":"2024-07-18T09:02:22","guid":{"rendered":"https:\/\/contraluzcucuta.co\/?p=42651"},"modified":"2024-07-18T04:02:22","modified_gmt":"2024-07-18T09:02:22","slug":"contencion-el-muro-de-juntos-aparte-que-emula-la-frontera","status":"publish","type":"post","link":"https:\/\/contraluzcucuta.co\/?p=42651","title":{"rendered":"CONTENCI\u00d3N. El muro de Juntos Aparte que emula la frontera"},"content":{"rendered":"<p style=\"padding-left: 40px; text-align: right;\"><strong><span style=\"color: #ff9900;\">C\u00daCUTA.- Contenci\u00f3n, proyecto que Fernando Arias expone en el Museo Norte de Santander y ciudad de C\u00facuta, llega a su fin el20 de julio. La exposici\u00f3n hace parte del programa Juntos Aparte 2024 y es el resultado de tres a\u00f1os de relaci\u00f3n (desde 2021) del autor con el \u00c1rea Metropolitana de C\u00facuta y la realidad actual de la frontera colombo-venezolana. Sostiene un di\u00e1logo pertinente con el aqu\u00ed y ahora, y aborda la migraci\u00f3n, la identidad y la exclusi\u00f3n.<\/span><\/strong><\/p>\n<p><a href=\"https:\/\/contraluzcucuta.co\/wp-content\/uploads\/2024\/07\/JUNTOS-APARTE-CONTENCION-3.jpeg\"><img loading=\"lazy\" decoding=\"async\" class=\"alignnone  wp-image-42653 alignleft\" src=\"https:\/\/contraluzcucuta.co\/wp-content\/uploads\/2024\/07\/JUNTOS-APARTE-CONTENCION-3-300x196.jpeg\" alt=\"\" width=\"246\" height=\"161\" srcset=\"https:\/\/contraluzcucuta.co\/wp-content\/uploads\/2024\/07\/JUNTOS-APARTE-CONTENCION-3-300x196.jpeg 300w, https:\/\/contraluzcucuta.co\/wp-content\/uploads\/2024\/07\/JUNTOS-APARTE-CONTENCION-3-600x393.jpeg 600w, https:\/\/contraluzcucuta.co\/wp-content\/uploads\/2024\/07\/JUNTOS-APARTE-CONTENCION-3-1024x670.jpeg 1024w, https:\/\/contraluzcucuta.co\/wp-content\/uploads\/2024\/07\/JUNTOS-APARTE-CONTENCION-3-768x503.jpeg 768w, https:\/\/contraluzcucuta.co\/wp-content\/uploads\/2024\/07\/JUNTOS-APARTE-CONTENCION-3.jpeg 1121w\" sizes=\"auto, (max-width: 246px) 100vw, 246px\" \/><\/a><\/p>\n<p>La muestra, titulada originalmente Cargando barro, ha permanecido en constante actualizaci\u00f3n y provisionalidad, en estado de \u2018Contenci\u00f3n\u2019. Ha preservado tres principios rectores:<\/p>\n<p>&#8211; La arcilla caracter\u00edstica de esta regi\u00f3n como materia prima y s\u00edmbolo cultural<\/p>\n<p>&#8211; La b\u00fasqueda de una relaci\u00f3n corporal colectiva con la intervenci\u00f3n<\/p>\n<p>&#8211; El destino final \u00fatil y \u00e9tico para el producto f\u00edsico de la muestra.<\/p>\n<p><a href=\"https:\/\/contraluzcucuta.co\/wp-content\/uploads\/2024\/07\/JUNTOS-APARTE-CONTENCION-2.jpeg\"><img loading=\"lazy\" decoding=\"async\" class=\"alignnone  wp-image-42654 alignleft\" src=\"https:\/\/contraluzcucuta.co\/wp-content\/uploads\/2024\/07\/JUNTOS-APARTE-CONTENCION-2-300x208.jpeg\" alt=\"\" width=\"247\" height=\"171\" srcset=\"https:\/\/contraluzcucuta.co\/wp-content\/uploads\/2024\/07\/JUNTOS-APARTE-CONTENCION-2-300x208.jpeg 300w, https:\/\/contraluzcucuta.co\/wp-content\/uploads\/2024\/07\/JUNTOS-APARTE-CONTENCION-2-600x416.jpeg 600w, https:\/\/contraluzcucuta.co\/wp-content\/uploads\/2024\/07\/JUNTOS-APARTE-CONTENCION-2-1024x710.jpeg 1024w, https:\/\/contraluzcucuta.co\/wp-content\/uploads\/2024\/07\/JUNTOS-APARTE-CONTENCION-2-768x533.jpeg 768w, https:\/\/contraluzcucuta.co\/wp-content\/uploads\/2024\/07\/JUNTOS-APARTE-CONTENCION-2-110x75.jpeg 110w, https:\/\/contraluzcucuta.co\/wp-content\/uploads\/2024\/07\/JUNTOS-APARTE-CONTENCION-2.jpeg 1047w\" sizes=\"auto, (max-width: 247px) 100vw, 247px\" \/><\/a><\/p>\n<p>La construcci\u00f3n de la obra central, un monumental muro de 15 metros de largo, incluy\u00f3 un proceso colaborativo con artistas locales. No requiri\u00f3 cemento ni adherentes, por el trenzado de los ladrillos, inspirado en el abstraccionismo geom\u00e9trico del arte moderno latinoamericano, los patrones precolombinos y la arquitectura vern\u00e1cula.<\/p>\n<p>La pieza no solo representa un obst\u00e1culo f\u00edsico que emula la frontera, sino una met\u00e1fora de la conflictiva l\u00ednea binacional y de la fragilidad de la idea de separar con un muro las naciones siamesas (Colombia y Venezuela).<\/p>\n<p>La exposici\u00f3n, inaugurada el 10 de mayo, cierra en C\u00facuta con la visita guiada especial, a las 11:00 de la ma\u00f1ana.<\/p>\n<p>Contenci\u00f3n es la cuarta de cinco exposiciones de Juntos Aparte 2024, proyecto que integra la Lista Bienal de Proyectos Culturales de Inter\u00e9s Nacional del Ministerio de las Culturas, las Artes y los Saberes 2024-2025.<\/p>\n<p>Juntos Aparte, parte de Bienalsur desde 2017 y avalado como Marca Pa\u00eds Colombia, ha marcado un antes y un despu\u00e9s en la historia cultural de la frontera colombo-venezolana a lo largo de tres ediciones bienales (2017, 2019 y 2021) y dos a\u00f1os de programaci\u00f3n continua como Plataforma Transfronteriza de Investigaci\u00f3n+Creaci\u00f3n Art\u00edstica Ciudadana desde 2023.<\/p>\n","protected":false},"excerpt":{"rendered":"<p>C\u00daCUTA.- Contenci\u00f3n, proyecto que Fernando Arias expone en el Museo Norte de Santander y ciudad de C\u00facuta, llega a su fin el20 de julio. La exposici\u00f3n hace parte del programa Juntos Aparte 2024 y es el resultado de tres a\u00f1os de relaci\u00f3n (desde 2021) del autor con el \u00c1rea Metropolitana de C\u00facuta y la realidad &hellip;<\/p>\n","protected":false},"author":1,"featured_media":42652,"comment_status":"open","ping_status":"open","sticky":false,"template":"","format":"standard","meta":{"footnotes":""},"categories":[4,37],"tags":[5856,6496,6497,5855,6410],"class_list":["post-42651","post","type-post","status-publish","format-standard","has-post-thumbnail","hentry","category-barra","category-paseo-cultural","tag-bienalsur","tag-contencion","tag-fernando-arias","tag-juntos-aparte","tag-ministerio-de-las-culturas"],"_links":{"self":[{"href":"https:\/\/contraluzcucuta.co\/index.php?rest_route=\/wp\/v2\/posts\/42651","targetHints":{"allow":["GET"]}}],"collection":[{"href":"https:\/\/contraluzcucuta.co\/index.php?rest_route=\/wp\/v2\/posts"}],"about":[{"href":"https:\/\/contraluzcucuta.co\/index.php?rest_route=\/wp\/v2\/types\/post"}],"author":[{"embeddable":true,"href":"https:\/\/contraluzcucuta.co\/index.php?rest_route=\/wp\/v2\/users\/1"}],"replies":[{"embeddable":true,"href":"https:\/\/contraluzcucuta.co\/index.php?rest_route=%2Fwp%2Fv2%2Fcomments&post=42651"}],"version-history":[{"count":1,"href":"https:\/\/contraluzcucuta.co\/index.php?rest_route=\/wp\/v2\/posts\/42651\/revisions"}],"predecessor-version":[{"id":42655,"href":"https:\/\/contraluzcucuta.co\/index.php?rest_route=\/wp\/v2\/posts\/42651\/revisions\/42655"}],"wp:featuredmedia":[{"embeddable":true,"href":"https:\/\/contraluzcucuta.co\/index.php?rest_route=\/wp\/v2\/media\/42652"}],"wp:attachment":[{"href":"https:\/\/contraluzcucuta.co\/index.php?rest_route=%2Fwp%2Fv2%2Fmedia&parent=42651"}],"wp:term":[{"taxonomy":"category","embeddable":true,"href":"https:\/\/contraluzcucuta.co\/index.php?rest_route=%2Fwp%2Fv2%2Fcategories&post=42651"},{"taxonomy":"post_tag","embeddable":true,"href":"https:\/\/contraluzcucuta.co\/index.php?rest_route=%2Fwp%2Fv2%2Ftags&post=42651"}],"curies":[{"name":"wp","href":"https:\/\/api.w.org\/{rel}","templated":true}]}}