{"id":42647,"date":"2024-07-17T20:24:38","date_gmt":"2024-07-18T01:24:38","guid":{"rendered":"https:\/\/contraluzcucuta.co\/?p=42647"},"modified":"2024-07-17T20:24:38","modified_gmt":"2024-07-18T01:24:38","slug":"colegio-la-salle-de-ocana-adecuacion-para-beneficiar-a-tres-mil-estudiantes","status":"publish","type":"post","link":"https:\/\/contraluzcucuta.co\/?p=42647","title":{"rendered":"COLEGIO LA SALLE DE OCA\u00d1A. Adecuaci\u00f3n para beneficiar a tres mil estudiantes"},"content":{"rendered":"<p style=\"padding-left: 40px; text-align: right;\"><span style=\"color: #ff9900;\"><strong>OCA\u00d1A \u2013 Norte de Santander.-<\/strong> Tres mil estudiantes de la ciudadela norte de Oca\u00f1a ser\u00e1n los beneficiados con la adecuaci\u00f3n de la sede del Colegio La Salle. Las obras avanzan luego de superar dificultades en la cimentaci\u00f3n. Los trabajos, que tienen duraci\u00f3n de 21 meses, comprenden adecuaciones en circulaci\u00f3n y urbanismo, desarrollo del sistema el\u00e9ctrico, red hidrosanitaria, pluvial y contra incendios, rampas de acceso, dotaci\u00f3n e interventor\u00eda.<\/span><\/p>\n<p><a href=\"https:\/\/contraluzcucuta.co\/wp-content\/uploads\/2024\/07\/OCANA-COLEGIO-LA-SALLE-1-scaled.jpg\"><img loading=\"lazy\" decoding=\"async\" class=\"alignnone  wp-image-42649 alignleft\" src=\"https:\/\/contraluzcucuta.co\/wp-content\/uploads\/2024\/07\/OCANA-COLEGIO-LA-SALLE-1-300x200.jpg\" alt=\"\" width=\"245\" height=\"163\" srcset=\"https:\/\/contraluzcucuta.co\/wp-content\/uploads\/2024\/07\/OCANA-COLEGIO-LA-SALLE-1-300x200.jpg 300w, https:\/\/contraluzcucuta.co\/wp-content\/uploads\/2024\/07\/OCANA-COLEGIO-LA-SALLE-1-600x400.jpg 600w, https:\/\/contraluzcucuta.co\/wp-content\/uploads\/2024\/07\/OCANA-COLEGIO-LA-SALLE-1-1024x683.jpg 1024w, https:\/\/contraluzcucuta.co\/wp-content\/uploads\/2024\/07\/OCANA-COLEGIO-LA-SALLE-1-768x512.jpg 768w, https:\/\/contraluzcucuta.co\/wp-content\/uploads\/2024\/07\/OCANA-COLEGIO-LA-SALLE-1-1536x1024.jpg 1536w, https:\/\/contraluzcucuta.co\/wp-content\/uploads\/2024\/07\/OCANA-COLEGIO-LA-SALLE-1-2048x1365.jpg 2048w, https:\/\/contraluzcucuta.co\/wp-content\/uploads\/2024\/07\/OCANA-COLEGIO-LA-SALLE-1-310x205.jpg 310w\" sizes=\"auto, (max-width: 245px) 100vw, 245px\" \/><\/a><\/p>\n<p>La secretaria de Educaci\u00f3n, Laura C\u00e1ceres Ni\u00f1o, visit\u00f3 la instituci\u00f3n educativa y verific\u00f3 el estado de la construcci\u00f3n. El colegio cuenta con 27 aulas de clase con muros de ladrillo a la vista, sistema estructural tradicional y cubierta en asbesto cemento, algunas est\u00e1n en buen estado y otras no.<\/p>\n<p>El \u00e1rea no es suficiente para atender a la poblaci\u00f3n estudiantil que requiere el servicio y, en la mayor\u00eda de los salones, hay hacinamiento debido a que superan la m\u00e1xima capacidad.<\/p>\n<p>\u201cCon estas obras, la administraci\u00f3n departamental le apuesta a mejorar el \u00e1rea para garantizar mejor prestaci\u00f3n del servicio a la poblaci\u00f3n estudiantil de la regi\u00f3n\u201d, dijo C\u00e1ceres Ni\u00f1o. Durante el recorrido estuvo acompa\u00f1ada por la rectora Dora Astrid L\u00f3pez y los ingenieros residentes de la obra.<\/p>\n<p>La construcci\u00f3n comprende un bloque de cuatro pisos:<\/p>\n<p>Primero<\/p>\n<ul>\n<li>Ocho aulas de clase, cafeter\u00eda y bater\u00eda sanitaria diferenciada en la utilizaci\u00f3n para hombres, mujeres y personas con movilidad reducida.<\/li>\n<\/ul>\n<p>Segundo<\/p>\n<ul>\n<li>Aula de ingl\u00e9s, aula TIC, laboratorio de qu\u00edmica, laboratorio de f\u00edsica, taller integrado de tecnolog\u00eda, innovaci\u00f3n y multimedia y bater\u00eda sanitaria<\/li>\n<\/ul>\n<p>Terraza descubierta<\/p>\n<p>Tercero<\/p>\n<ul>\n<li>Sal\u00f3n de audiovisuales, dos aulas TIC, laboratorio de Biolog\u00eda y bater\u00eda sanitaria.<\/li>\n<\/ul>\n<p>Cuarto<\/p>\n<ul>\n<li>Biblioteca y taller de expresi\u00f3n art\u00edstica<\/li>\n<\/ul>\n<p><strong>Andrea Pinto Sierra \u2013 Gobernaci\u00f3n Norte de Santander<\/strong><\/p>\n","protected":false},"excerpt":{"rendered":"<p>OCA\u00d1A \u2013 Norte de Santander.- Tres mil estudiantes de la ciudadela norte de Oca\u00f1a ser\u00e1n los beneficiados con la adecuaci\u00f3n de la sede del Colegio La Salle. Las obras avanzan luego de superar dificultades en la cimentaci\u00f3n. Los trabajos, que tienen duraci\u00f3n de 21 meses, comprenden adecuaciones en circulaci\u00f3n y urbanismo, desarrollo del sistema el\u00e9ctrico, &hellip;<\/p>\n","protected":false},"author":1,"featured_media":42648,"comment_status":"open","ping_status":"open","sticky":false,"template":"","format":"standard","meta":{"footnotes":""},"categories":[4,32],"tags":[6495,6028,404,2861],"class_list":["post-42647","post","type-post","status-publish","format-standard","has-post-thumbnail","hentry","category-barra","category-recorrido-por-la-region","tag-colegio-la-salle-de-ocana","tag-laura-caceres","tag-ocana","tag-secretaria-de-educacion"],"_links":{"self":[{"href":"https:\/\/contraluzcucuta.co\/index.php?rest_route=\/wp\/v2\/posts\/42647","targetHints":{"allow":["GET"]}}],"collection":[{"href":"https:\/\/contraluzcucuta.co\/index.php?rest_route=\/wp\/v2\/posts"}],"about":[{"href":"https:\/\/contraluzcucuta.co\/index.php?rest_route=\/wp\/v2\/types\/post"}],"author":[{"embeddable":true,"href":"https:\/\/contraluzcucuta.co\/index.php?rest_route=\/wp\/v2\/users\/1"}],"replies":[{"embeddable":true,"href":"https:\/\/contraluzcucuta.co\/index.php?rest_route=%2Fwp%2Fv2%2Fcomments&post=42647"}],"version-history":[{"count":1,"href":"https:\/\/contraluzcucuta.co\/index.php?rest_route=\/wp\/v2\/posts\/42647\/revisions"}],"predecessor-version":[{"id":42650,"href":"https:\/\/contraluzcucuta.co\/index.php?rest_route=\/wp\/v2\/posts\/42647\/revisions\/42650"}],"wp:featuredmedia":[{"embeddable":true,"href":"https:\/\/contraluzcucuta.co\/index.php?rest_route=\/wp\/v2\/media\/42648"}],"wp:attachment":[{"href":"https:\/\/contraluzcucuta.co\/index.php?rest_route=%2Fwp%2Fv2%2Fmedia&parent=42647"}],"wp:term":[{"taxonomy":"category","embeddable":true,"href":"https:\/\/contraluzcucuta.co\/index.php?rest_route=%2Fwp%2Fv2%2Fcategories&post=42647"},{"taxonomy":"post_tag","embeddable":true,"href":"https:\/\/contraluzcucuta.co\/index.php?rest_route=%2Fwp%2Fv2%2Ftags&post=42647"}],"curies":[{"name":"wp","href":"https:\/\/api.w.org\/{rel}","templated":true}]}}