{"id":42611,"date":"2024-07-11T04:01:55","date_gmt":"2024-07-11T09:01:55","guid":{"rendered":"https:\/\/contraluzcucuta.co\/?p=42611"},"modified":"2024-07-11T04:01:55","modified_gmt":"2024-07-11T09:01:55","slug":"servicios-publicos-aguas-kpital-tiene-que-ser-de-los-cucutenos","status":"publish","type":"post","link":"https:\/\/contraluzcucuta.co\/?p=42611","title":{"rendered":"SERVICIOS P\u00daBLICOS. Aguas Kpital tiene que ser de los cucute\u00f1os"},"content":{"rendered":"<p style=\"padding-left: 40px; text-align: right;\"><strong><span style=\"color: #ff9900;\">C\u00daCUTA.- Jorge Acevedo, reci\u00e9n electo alcalde de C\u00facuta, anunci\u00f3 qu\u00e9 har\u00eda con el contrato que mantiene a Aguas Kpital como operador del acueducto de C\u00facuta desde 2006. Ayer, dio rienda suelta a esa intenci\u00f3n y asegur\u00f3 que no ser\u00e1 renovado. As\u00ed, terminar\u00edan 18 a\u00f1os de presencia de la empresa en la ciudad.<\/span><\/strong><\/p>\n<figure id=\"attachment_42613\" aria-describedby=\"caption-attachment-42613\" style=\"width: 245px\" class=\"wp-caption alignleft\"><a href=\"https:\/\/contraluzcucuta.co\/wp-content\/uploads\/2024\/07\/AGUAS-KPITAL-20.jpg\"><img loading=\"lazy\" decoding=\"async\" class=\" wp-image-42613\" src=\"https:\/\/contraluzcucuta.co\/wp-content\/uploads\/2024\/07\/AGUAS-KPITAL-20-300x185.jpg\" alt=\"\" width=\"245\" height=\"151\" srcset=\"https:\/\/contraluzcucuta.co\/wp-content\/uploads\/2024\/07\/AGUAS-KPITAL-20-300x185.jpg 300w, https:\/\/contraluzcucuta.co\/wp-content\/uploads\/2024\/07\/AGUAS-KPITAL-20.jpg 600w\" sizes=\"auto, (max-width: 245px) 100vw, 245px\" \/><\/a><figcaption id=\"caption-attachment-42613\" class=\"wp-caption-text\"><strong><em>Foto: Archivo<\/em><\/strong><\/figcaption><\/figure>\n<p>El deseo del gobernante cucute\u00f1o es que las empresas de servicios p\u00fablicos que hacen presencia en la capital de departamento, y las que vengan a invertir, deben tener claro que un porcentaje econ\u00f3mico debe ingresar a las arcas municipales. Igual suerte correr\u00e1n las compa\u00f1\u00edas prestadoras.<\/p>\n<p>\u201cA los colaboradores les quiero decir que a ustedes los necesita la ciudad y podr\u00e1n continuar laborando con normalidad, pero el negocio de Aguas Kpital tiene que ser de los cucute\u00f1os, as\u00ed de sencillo\u201d, dijo el alcalde Acevedo. Seg\u00fan estimativos oficiales, las utilidades de la empresa superan los $ 60.000 millones al a\u00f1o y C\u00facuta no recibe un peso. \u201cEse negocio para C\u00facuta es malo\u201d.<\/p>\n<p>Semanas atr\u00e1s, Aguas Kpital celebr\u00f3 con trabajadores y comunidad los 18 a\u00f1os de prestaci\u00f3n de servicios. Recientemente, recibi\u00f3 en el congreso de Andesco el reconocimiento por la labor que cumple en esta ciudad.<\/p>\n<p>El anuncio lo hizo Jorge Acevedo en la inauguraci\u00f3n de la nueva flota automotor de la empresa de aseo local. Tres camiones compactadores de residuos s\u00f3lidos de alta tecnolog\u00eda contribuir\u00e1n a la disminuci\u00f3n de gases contaminantes.<\/p>\n<p>Tambi\u00e9n, advirti\u00f3 a Veolia. \u201cEn a\u00f1o y medio o dos a\u00f1os se acaba la concesi\u00f3n con C\u00facuta. Si la capital de Norte de Santander entra a hacer parte de las utilidades, ustedes pueden continuar, pero a C\u00facuta la tenemos que incluir en el negocio\u201d.<\/p>\n","protected":false},"excerpt":{"rendered":"<p>C\u00daCUTA.- Jorge Acevedo, reci\u00e9n electo alcalde de C\u00facuta, anunci\u00f3 qu\u00e9 har\u00eda con el contrato que mantiene a Aguas Kpital como operador del acueducto de C\u00facuta desde 2006. Ayer, dio rienda suelta a esa intenci\u00f3n y asegur\u00f3 que no ser\u00e1 renovado. As\u00ed, terminar\u00edan 18 a\u00f1os de presencia de la empresa en la ciudad. El deseo del &hellip;<\/p>\n","protected":false},"author":1,"featured_media":42612,"comment_status":"open","ping_status":"open","sticky":false,"template":"","format":"standard","meta":{"footnotes":""},"categories":[45,4],"tags":[1270,5950,226],"class_list":["post-42611","post","type-post","status-publish","format-standard","has-post-thumbnail","hentry","category-destacado","category-barra","tag-aguas-kpital-cucuta","tag-alcalde-jorge-acevedo","tag-alcaldia-de-cucuta"],"_links":{"self":[{"href":"https:\/\/contraluzcucuta.co\/index.php?rest_route=\/wp\/v2\/posts\/42611","targetHints":{"allow":["GET"]}}],"collection":[{"href":"https:\/\/contraluzcucuta.co\/index.php?rest_route=\/wp\/v2\/posts"}],"about":[{"href":"https:\/\/contraluzcucuta.co\/index.php?rest_route=\/wp\/v2\/types\/post"}],"author":[{"embeddable":true,"href":"https:\/\/contraluzcucuta.co\/index.php?rest_route=\/wp\/v2\/users\/1"}],"replies":[{"embeddable":true,"href":"https:\/\/contraluzcucuta.co\/index.php?rest_route=%2Fwp%2Fv2%2Fcomments&post=42611"}],"version-history":[{"count":1,"href":"https:\/\/contraluzcucuta.co\/index.php?rest_route=\/wp\/v2\/posts\/42611\/revisions"}],"predecessor-version":[{"id":42614,"href":"https:\/\/contraluzcucuta.co\/index.php?rest_route=\/wp\/v2\/posts\/42611\/revisions\/42614"}],"wp:featuredmedia":[{"embeddable":true,"href":"https:\/\/contraluzcucuta.co\/index.php?rest_route=\/wp\/v2\/media\/42612"}],"wp:attachment":[{"href":"https:\/\/contraluzcucuta.co\/index.php?rest_route=%2Fwp%2Fv2%2Fmedia&parent=42611"}],"wp:term":[{"taxonomy":"category","embeddable":true,"href":"https:\/\/contraluzcucuta.co\/index.php?rest_route=%2Fwp%2Fv2%2Fcategories&post=42611"},{"taxonomy":"post_tag","embeddable":true,"href":"https:\/\/contraluzcucuta.co\/index.php?rest_route=%2Fwp%2Fv2%2Ftags&post=42611"}],"curies":[{"name":"wp","href":"https:\/\/api.w.org\/{rel}","templated":true}]}}