{"id":42606,"date":"2024-07-11T03:47:14","date_gmt":"2024-07-11T08:47:14","guid":{"rendered":"https:\/\/contraluzcucuta.co\/?p=42606"},"modified":"2024-07-11T03:47:14","modified_gmt":"2024-07-11T08:47:14","slug":"llamado-urgente-la-violencia-esta-desbordada-en-cucuta","status":"publish","type":"post","link":"https:\/\/contraluzcucuta.co\/?p=42606","title":{"rendered":"LLAMADO URGENTE. La violencia est\u00e1 desbordada en C\u00facuta"},"content":{"rendered":"<p style=\"padding-left: 40px; text-align: right;\"><strong><span style=\"color: #ff9900;\">C\u00daCUTA.- \u201cCuando uno no sabe para d\u00f3nde va, cualquier bus le sirve\u201d. As\u00ed se refiri\u00f3 Wilfredo Ca\u00f1izares, director de la Fundaci\u00f3n Progresar, al referirse al trabajo de la administraci\u00f3n municipal para contener la oleada de violencia que azota a la ciudad. Afirm\u00f3 que el alcalde (Jorge Acevedo) \u201canda proponiendo cuanta cosa se le ocurre\u201d para darles seguridad a los cucute\u00f1os.<\/span><\/strong><\/p>\n<p><a href=\"https:\/\/contraluzcucuta.co\/wp-content\/uploads\/2024\/07\/WILFREDO-CANIZARES-4-scaled.jpeg\"><img loading=\"lazy\" decoding=\"async\" class=\"alignnone  wp-image-42608 alignleft\" src=\"https:\/\/contraluzcucuta.co\/wp-content\/uploads\/2024\/07\/WILFREDO-CANIZARES-4-300x207.jpeg\" alt=\"\" width=\"245\" height=\"169\" srcset=\"https:\/\/contraluzcucuta.co\/wp-content\/uploads\/2024\/07\/WILFREDO-CANIZARES-4-300x207.jpeg 300w, https:\/\/contraluzcucuta.co\/wp-content\/uploads\/2024\/07\/WILFREDO-CANIZARES-4-600x414.jpeg 600w, https:\/\/contraluzcucuta.co\/wp-content\/uploads\/2024\/07\/WILFREDO-CANIZARES-4-1024x706.jpeg 1024w, https:\/\/contraluzcucuta.co\/wp-content\/uploads\/2024\/07\/WILFREDO-CANIZARES-4-768x529.jpeg 768w, https:\/\/contraluzcucuta.co\/wp-content\/uploads\/2024\/07\/WILFREDO-CANIZARES-4-1536x1059.jpeg 1536w, https:\/\/contraluzcucuta.co\/wp-content\/uploads\/2024\/07\/WILFREDO-CANIZARES-4-2048x1412.jpeg 2048w, https:\/\/contraluzcucuta.co\/wp-content\/uploads\/2024\/07\/WILFREDO-CANIZARES-4-110x75.jpeg 110w\" sizes=\"auto, (max-width: 245px) 100vw, 245px\" \/><\/a><\/p>\n<p>Ca\u00f1izares pidi\u00f3 \u201cparar la violencia\u201d. Tild\u00f3 a la corrupci\u00f3n como generadora de violencia, porque la alimenta. \u201cEstamos convencidos de que a esa violencia debemos ponerle un muro de contenci\u00f3n. Y ese muro es la ciudadan\u00eda organizada y movilizada. Necesitamos una ciudadan\u00eda activa\u201d.<\/p>\n<p>Anunci\u00f3 que para detener el accionar delincuencial tienen un dec\u00e1logo, del que enumer\u00f3 algunos aspectos fundamentales: marchas, movilizaciones, plantones, declaraciones p\u00fablicas, an\u00e1lisis, propuestas e investigaciones. La intenci\u00f3n es \u201cdesentra\u00f1ar los fen\u00f3menos de criminalidad organizada y de violencia\u201d.<\/p>\n<p>En el programa tienen previsto invitar a los sectores sociales, acad\u00e9micos, econ\u00f3micos, productivos y pol\u00edticos para que se junten en el prop\u00f3sito de buscar alternativas para enfrentar los fen\u00f3menos violentos. \u201cTambi\u00e9n, vamos a convocar a la institucionalidad, a las autoridades locales y departamentales\u201d.<\/p>\n<p><a href=\"https:\/\/contraluzcucuta.co\/wp-content\/uploads\/2024\/07\/WILFREDO-CANIZARES-11-scaled.jpeg\"><img loading=\"lazy\" decoding=\"async\" class=\"alignnone  wp-image-42609 alignleft\" src=\"https:\/\/contraluzcucuta.co\/wp-content\/uploads\/2024\/07\/WILFREDO-CANIZARES-11-300x225.jpeg\" alt=\"\" width=\"247\" height=\"185\" srcset=\"https:\/\/contraluzcucuta.co\/wp-content\/uploads\/2024\/07\/WILFREDO-CANIZARES-11-300x225.jpeg 300w, https:\/\/contraluzcucuta.co\/wp-content\/uploads\/2024\/07\/WILFREDO-CANIZARES-11-600x450.jpeg 600w, https:\/\/contraluzcucuta.co\/wp-content\/uploads\/2024\/07\/WILFREDO-CANIZARES-11-1024x768.jpeg 1024w, https:\/\/contraluzcucuta.co\/wp-content\/uploads\/2024\/07\/WILFREDO-CANIZARES-11-768x576.jpeg 768w, https:\/\/contraluzcucuta.co\/wp-content\/uploads\/2024\/07\/WILFREDO-CANIZARES-11-1536x1152.jpeg 1536w, https:\/\/contraluzcucuta.co\/wp-content\/uploads\/2024\/07\/WILFREDO-CANIZARES-11-2048x1536.jpeg 2048w\" sizes=\"auto, (max-width: 247px) 100vw, 247px\" \/><\/a><\/p>\n<p><strong>Declaraci\u00f3n conjunta<\/strong><\/p>\n<p>Cerca de medio centenar de organizaciones sociales, dedicadas a la defensa, promoci\u00f3n y protecci\u00f3n de los derechos humanos en Norte de Santander, rechazaron las formas de violencia que diversos grupos han cometido en la ciudad y en los municipios del \u00c1rea Metropolitana.<\/p>\n<p>\u201cLa muerte campea por nuestra ciudad. En su recorrido no distingue edades, g\u00e9nero o clases sociales\u201d, dice el comunicado entregado ayer, a los medios de comunicaci\u00f3n locales. \u201cA su lado marchan la impunidad, la corrupci\u00f3n en la fuerza p\u00fablica y dem\u00e1s servidores p\u00fablicos, al igual que la ineficiencia institucional\u201d.<\/p>\n<p>Criticaron las respuestas gubernamentales y se\u00f1alaron que se mueven al ritmo de las redes sociales, mientras las crisis social y econ\u00f3mica se profundizan. Entre los delitos denunciados aparecen los homicidios, el sicariato, las extorsiones masivas, los secuestros selectivos y las amenazas sistem\u00e1ticas contra l\u00edderes.<\/p>\n<p>\u201cEsto tiene que parar\u201d. Pidieron desnaturalizar la muerte violenta para no perder el rumbo y abrir las puertas a un camino sin retorno. \u201cEl Estado colombiano sigue fracasando en su deber de defender la vida y proteger los derechos de los ciudadanos en C\u00facuta\u201d.<\/p>\n<p>Los firmantes del documento indicaron que \u201cno aceptamos medidas que comprometan la vida de las comunidades o agraven la violencia\u201d. Consideraron como un error las propuestas de militarizar la ciudad, impulsar la compra de armas para la defensa personal o crear redes de informantes.<\/p>\n<p>\u201cEstamos convencidos de que solo una comunidad unida, organizada y movilizada, puede frenar el avance violento de expresiones delincuenciales que est\u00e1 poniendo en riesgo nuestra existencia como sociedad y la viabilidad misma de nuestra ciudad\u201d, se\u00f1alaron.<\/p>\n","protected":false},"excerpt":{"rendered":"<p>C\u00daCUTA.- \u201cCuando uno no sabe para d\u00f3nde va, cualquier bus le sirve\u201d. As\u00ed se refiri\u00f3 Wilfredo Ca\u00f1izares, director de la Fundaci\u00f3n Progresar, al referirse al trabajo de la administraci\u00f3n municipal para contener la oleada de violencia que azota a la ciudad. Afirm\u00f3 que el alcalde (Jorge Acevedo) \u201canda proponiendo cuanta cosa se le ocurre\u201d para &hellip;<\/p>\n","protected":false},"author":1,"featured_media":42607,"comment_status":"open","ping_status":"open","sticky":false,"template":"","format":"standard","meta":{"footnotes":""},"categories":[11,4],"tags":[707,4913,840],"class_list":["post-42606","post","type-post","status-publish","format-standard","has-post-thumbnail","hentry","category-cronica-roja","category-barra","tag-fundacion-progresar","tag-violencia-en-cucuta","tag-wilfredo-canizares"],"_links":{"self":[{"href":"https:\/\/contraluzcucuta.co\/index.php?rest_route=\/wp\/v2\/posts\/42606","targetHints":{"allow":["GET"]}}],"collection":[{"href":"https:\/\/contraluzcucuta.co\/index.php?rest_route=\/wp\/v2\/posts"}],"about":[{"href":"https:\/\/contraluzcucuta.co\/index.php?rest_route=\/wp\/v2\/types\/post"}],"author":[{"embeddable":true,"href":"https:\/\/contraluzcucuta.co\/index.php?rest_route=\/wp\/v2\/users\/1"}],"replies":[{"embeddable":true,"href":"https:\/\/contraluzcucuta.co\/index.php?rest_route=%2Fwp%2Fv2%2Fcomments&post=42606"}],"version-history":[{"count":1,"href":"https:\/\/contraluzcucuta.co\/index.php?rest_route=\/wp\/v2\/posts\/42606\/revisions"}],"predecessor-version":[{"id":42610,"href":"https:\/\/contraluzcucuta.co\/index.php?rest_route=\/wp\/v2\/posts\/42606\/revisions\/42610"}],"wp:featuredmedia":[{"embeddable":true,"href":"https:\/\/contraluzcucuta.co\/index.php?rest_route=\/wp\/v2\/media\/42607"}],"wp:attachment":[{"href":"https:\/\/contraluzcucuta.co\/index.php?rest_route=%2Fwp%2Fv2%2Fmedia&parent=42606"}],"wp:term":[{"taxonomy":"category","embeddable":true,"href":"https:\/\/contraluzcucuta.co\/index.php?rest_route=%2Fwp%2Fv2%2Fcategories&post=42606"},{"taxonomy":"post_tag","embeddable":true,"href":"https:\/\/contraluzcucuta.co\/index.php?rest_route=%2Fwp%2Fv2%2Ftags&post=42606"}],"curies":[{"name":"wp","href":"https:\/\/api.w.org\/{rel}","templated":true}]}}