{"id":42602,"date":"2024-07-09T04:19:56","date_gmt":"2024-07-09T09:19:56","guid":{"rendered":"https:\/\/contraluzcucuta.co\/?p=42602"},"modified":"2024-07-09T04:19:56","modified_gmt":"2024-07-09T09:19:56","slug":"agenda-oficial-artistas-internacionales-y-nacionales-en-las-ferias-de-cucuta-2024","status":"publish","type":"post","link":"https:\/\/contraluzcucuta.co\/?p=42602","title":{"rendered":"AGENDA OFICIAL. Artistas internacionales y nacionales en las Ferias de C\u00facuta 2024"},"content":{"rendered":"<figure id=\"attachment_42604\" aria-describedby=\"caption-attachment-42604\" style=\"width: 300px\" class=\"wp-caption alignleft\"><a href=\"https:\/\/contraluzcucuta.co\/wp-content\/uploads\/2024\/07\/CARIN-LEON-1.jpg\"><img loading=\"lazy\" decoding=\"async\" class=\"size-medium wp-image-42604\" src=\"https:\/\/contraluzcucuta.co\/wp-content\/uploads\/2024\/07\/CARIN-LEON-1-300x200.jpg\" alt=\"\" width=\"300\" height=\"200\" srcset=\"https:\/\/contraluzcucuta.co\/wp-content\/uploads\/2024\/07\/CARIN-LEON-1-300x200.jpg 300w, https:\/\/contraluzcucuta.co\/wp-content\/uploads\/2024\/07\/CARIN-LEON-1-600x400.jpg 600w, https:\/\/contraluzcucuta.co\/wp-content\/uploads\/2024\/07\/CARIN-LEON-1.jpg 696w\" sizes=\"auto, (max-width: 300px) 100vw, 300px\" \/><\/a><figcaption id=\"caption-attachment-42604\" class=\"wp-caption-text\">La figura central de las festividades ser\u00e1 Car\u00edn Le\u00f3n, cantante, guitarrista y compositor mexicano de m\u00fasica regional mexicana. \/ Foto: UDG TV\u00a0<\/figcaption><\/figure>\n<p><strong><span style=\"color: #ff9900;\">C\u00daCUTA.- La agenda de conciertos para las Ferias de C\u00facuta 2024 incluir\u00e1 a renombrados artistas nacionales e internacionales. La Plaza de Banderas y el estadio General Santander ser\u00e1n los escenarios donde se instalar\u00e1n las tarimas para la presentaci\u00f3n de int\u00e9rpretes de diferentes g\u00e9nerosmusicales.<\/span><\/strong><\/p>\n<p>La figura central de las festividades ser\u00e1 Car\u00edn Le\u00f3n, cantante, guitarrista y compositor mexicano de m\u00fasica regional mexicana. Los cucute\u00f1os gozar\u00e1n con Alguien mejor, Como lo hice yo, Qui\u00e9n aguanta a qui\u00e9n, El malo, Te vi con \u00e9l, Si tu amor no vuelve y Me la avent\u00e9.<\/p>\n<p>Adem\u00e1s, estar\u00e1n Ana del Castillo, Amin Mart\u00ednez, Los Embajadores del Vallenato, Juan Manuel Enr\u00edquez, Roma, PJ, Diego Daza, Jerry Rivera, Iv\u00e1n Villaz\u00f3n, Yeison Jim\u00e9nez, Diveana, Jorge Celed\u00f3n, R\u00edo y DJ Coco.<\/p>\n<p>Entre las novedades de las Fiestas est\u00e1 que no habr\u00e1 cabalgata. A cambo, la Feria Equina tipo B ser\u00e1 otro de los atractivos. \u201cEstos eventos promueven la cultura y el entretenimiento, y refuerzan el sentido de identidad y comunidad entre cucute\u00f1os y visitantes\u201d, dijo el alcalde Jorge Acevedo.<\/p>\n<p>El secretario de Cultura y Turismo, Nadim Bayona P\u00e9rez, destac\u00f3 el compromiso para promover la identidad cultural y los atractivos tur\u00edsticos.<\/p>\n","protected":false},"excerpt":{"rendered":"<p>C\u00daCUTA.- La agenda de conciertos para las Ferias de C\u00facuta 2024 incluir\u00e1 a renombrados artistas nacionales e internacionales. La Plaza de Banderas y el estadio General Santander ser\u00e1n los escenarios donde se instalar\u00e1n las tarimas para la presentaci\u00f3n de int\u00e9rpretes de diferentes g\u00e9nerosmusicales. La figura central de las festividades ser\u00e1 Car\u00edn Le\u00f3n, cantante, guitarrista y &hellip;<\/p>\n","protected":false},"author":1,"featured_media":42603,"comment_status":"open","ping_status":"open","sticky":false,"template":"","format":"standard","meta":{"footnotes":""},"categories":[2625,4],"tags":[6485,226,6486,6442],"class_list":["post-42602","post","type-post","status-publish","format-standard","has-post-thumbnail","hentry","category-alcaldia-de-cucuta","category-barra","tag-agenda-oficial","tag-alcaldia-de-cucuta","tag-carin-leon","tag-ferias-y-fiestas-de-cucuta"],"_links":{"self":[{"href":"https:\/\/contraluzcucuta.co\/index.php?rest_route=\/wp\/v2\/posts\/42602","targetHints":{"allow":["GET"]}}],"collection":[{"href":"https:\/\/contraluzcucuta.co\/index.php?rest_route=\/wp\/v2\/posts"}],"about":[{"href":"https:\/\/contraluzcucuta.co\/index.php?rest_route=\/wp\/v2\/types\/post"}],"author":[{"embeddable":true,"href":"https:\/\/contraluzcucuta.co\/index.php?rest_route=\/wp\/v2\/users\/1"}],"replies":[{"embeddable":true,"href":"https:\/\/contraluzcucuta.co\/index.php?rest_route=%2Fwp%2Fv2%2Fcomments&post=42602"}],"version-history":[{"count":1,"href":"https:\/\/contraluzcucuta.co\/index.php?rest_route=\/wp\/v2\/posts\/42602\/revisions"}],"predecessor-version":[{"id":42605,"href":"https:\/\/contraluzcucuta.co\/index.php?rest_route=\/wp\/v2\/posts\/42602\/revisions\/42605"}],"wp:featuredmedia":[{"embeddable":true,"href":"https:\/\/contraluzcucuta.co\/index.php?rest_route=\/wp\/v2\/media\/42603"}],"wp:attachment":[{"href":"https:\/\/contraluzcucuta.co\/index.php?rest_route=%2Fwp%2Fv2%2Fmedia&parent=42602"}],"wp:term":[{"taxonomy":"category","embeddable":true,"href":"https:\/\/contraluzcucuta.co\/index.php?rest_route=%2Fwp%2Fv2%2Fcategories&post=42602"},{"taxonomy":"post_tag","embeddable":true,"href":"https:\/\/contraluzcucuta.co\/index.php?rest_route=%2Fwp%2Fv2%2Ftags&post=42602"}],"curies":[{"name":"wp","href":"https:\/\/api.w.org\/{rel}","templated":true}]}}