{"id":42598,"date":"2024-07-09T04:05:06","date_gmt":"2024-07-09T09:05:06","guid":{"rendered":"https:\/\/contraluzcucuta.co\/?p=42598"},"modified":"2024-07-09T04:05:06","modified_gmt":"2024-07-09T09:05:06","slug":"cambia-mi-casa-6500-millones-para-5000-mejoramientos-de-viviendas-rurales","status":"publish","type":"post","link":"https:\/\/contraluzcucuta.co\/?p=42598","title":{"rendered":"\u2018CAMBIA MI CASA\u2019. $ 6500 millones para 5000 mejoramientos de viviendas rurales"},"content":{"rendered":"<p style=\"padding-left: 40px; text-align: right;\"><strong><span style=\"color: #ff9900;\">C\u00daCUTA.- Norte de Santander qued\u00f3 incluido en el proyecto de Mejoramiento de Vivienda Rural del programa \u2018Cambia Mi Casa\u2019, del Fondo Nacional de Vivienda (Fonvivienda), que se ejecutar\u00e1 en ocho departamentos.<\/span><\/strong><\/p>\n<p><a href=\"https:\/\/contraluzcucuta.co\/wp-content\/uploads\/2024\/07\/VIVIENDAS-RURALES-2.jpg\"><img loading=\"lazy\" decoding=\"async\" class=\"alignnone  wp-image-42600 alignleft\" src=\"https:\/\/contraluzcucuta.co\/wp-content\/uploads\/2024\/07\/VIVIENDAS-RURALES-2-300x200.jpg\" alt=\"\" width=\"255\" height=\"170\" srcset=\"https:\/\/contraluzcucuta.co\/wp-content\/uploads\/2024\/07\/VIVIENDAS-RURALES-2-300x200.jpg 300w, https:\/\/contraluzcucuta.co\/wp-content\/uploads\/2024\/07\/VIVIENDAS-RURALES-2-600x400.jpg 600w, https:\/\/contraluzcucuta.co\/wp-content\/uploads\/2024\/07\/VIVIENDAS-RURALES-2-1024x682.jpg 1024w, https:\/\/contraluzcucuta.co\/wp-content\/uploads\/2024\/07\/VIVIENDAS-RURALES-2-768x512.jpg 768w, https:\/\/contraluzcucuta.co\/wp-content\/uploads\/2024\/07\/VIVIENDAS-RURALES-2-1536x1024.jpg 1536w, https:\/\/contraluzcucuta.co\/wp-content\/uploads\/2024\/07\/VIVIENDAS-RURALES-2-2048x1365.jpg 2048w, https:\/\/contraluzcucuta.co\/wp-content\/uploads\/2024\/07\/VIVIENDAS-RURALES-2-310x205.jpg 310w\" sizes=\"auto, (max-width: 255px) 100vw, 255px\" \/><\/a><\/p>\n<p>El gobernador William Villamizar gestion\u00f3 ante el Ministerio de Vivienda, Ciudad y Territorio la inversi\u00f3n de $ 6500 millones para garantizar el bienestar de los nortesantandereanos. \u201cSer\u00e1n 5000 beneficiarios de estos mejoramientos de vivienda rural\u201d, dijo el secretario de H\u00e1bitat, Samir Casadiegos.<\/p>\n<p>Las alcald\u00edas en los municipios beneficiados deber\u00e1n adelantar la caracterizaci\u00f3n para que las familias vulnerables accedan al programa. Las obras ser\u00e1n arreglos de bater\u00eda sanitaria y cocina.<\/p>\n<p>Los municipios beneficiados y la cantidad de mejoramientos son:<\/p>\n<ul>\n<li>C\u00facuta (300)<\/li>\n<li>El Zulia (200)<\/li>\n<li>Los Patios (200)<\/li>\n<li>Puerto Santander (150)<\/li>\n<li>San Cayetano (100)<\/li>\n<li>Villa del Rosario (200)<\/li>\n<li>Sardinata (100)<\/li>\n<li>\u00c1brego (200)<\/li>\n<li>C\u00e1chira (200)<\/li>\n<li>Convenci\u00f3n (250)<\/li>\n<li>El Carmen (200)<\/li>\n<li>La Esperanza (150)<\/li>\n<li>La Playa (200)<\/li>\n<li>Arboledas (200)<\/li>\n<li>Cucutilla (200)<\/li>\n<li>Gramalote (150)<\/li>\n<li>Lourdes (150)<\/li>\n<li>Salazar (150)<\/li>\n<li>Santiago (150)<\/li>\n<li>Villacaro (150)<\/li>\n<li>C\u00e1cota (100)<\/li>\n<li>Chitag\u00e1 (200)<\/li>\n<li>Plamplona (200)<\/li>\n<li>Pamplonita (100)<\/li>\n<li>Bochalema (150)<\/li>\n<li>Chin\u00e1cota (150)<\/li>\n<li>Durania (150)<\/li>\n<li>Herr\u00e1n (100)<\/li>\n<li>Toledo (200).<\/li>\n<\/ul>\n<p>El anuncio se conoci\u00f3 durante la socializaci\u00f3n ante los alcaldes y cont\u00f3 con presencia del asesor de Fiduagraria, Andr\u00e9s Rib\u00f3n; la directora regional de Negocios Fiduagraria, Evelyn Rodr\u00edguez; el enlace del Ministerio de Vivienda, Ciudad y Territorio, Daniel Meneses; la Consejera Departamental para el Agenciamiento y Desarrollo Rural, Lizbeth Lozano, entre otros funcionarios.<\/p>\n<p>Claudia Lizeth Vesga Silva<\/p>\n","protected":false},"excerpt":{"rendered":"<p>C\u00daCUTA.- Norte de Santander qued\u00f3 incluido en el proyecto de Mejoramiento de Vivienda Rural del programa \u2018Cambia Mi Casa\u2019, del Fondo Nacional de Vivienda (Fonvivienda), que se ejecutar\u00e1 en ocho departamentos. El gobernador William Villamizar gestion\u00f3 ante el Ministerio de Vivienda, Ciudad y Territorio la inversi\u00f3n de $ 6500 millones para garantizar el bienestar de &hellip;<\/p>\n","protected":false},"author":1,"featured_media":42599,"comment_status":"open","ping_status":"open","sticky":false,"template":"","format":"standard","meta":{"footnotes":""},"categories":[4,32],"tags":[6484,379,1183],"class_list":["post-42598","post","type-post","status-publish","format-standard","has-post-thumbnail","hentry","category-barra","category-recorrido-por-la-region","tag-cambia-mi-casa","tag-gobernacion-de-norte-de-santander","tag-ministerio-de-vivienda"],"_links":{"self":[{"href":"https:\/\/contraluzcucuta.co\/index.php?rest_route=\/wp\/v2\/posts\/42598","targetHints":{"allow":["GET"]}}],"collection":[{"href":"https:\/\/contraluzcucuta.co\/index.php?rest_route=\/wp\/v2\/posts"}],"about":[{"href":"https:\/\/contraluzcucuta.co\/index.php?rest_route=\/wp\/v2\/types\/post"}],"author":[{"embeddable":true,"href":"https:\/\/contraluzcucuta.co\/index.php?rest_route=\/wp\/v2\/users\/1"}],"replies":[{"embeddable":true,"href":"https:\/\/contraluzcucuta.co\/index.php?rest_route=%2Fwp%2Fv2%2Fcomments&post=42598"}],"version-history":[{"count":1,"href":"https:\/\/contraluzcucuta.co\/index.php?rest_route=\/wp\/v2\/posts\/42598\/revisions"}],"predecessor-version":[{"id":42601,"href":"https:\/\/contraluzcucuta.co\/index.php?rest_route=\/wp\/v2\/posts\/42598\/revisions\/42601"}],"wp:featuredmedia":[{"embeddable":true,"href":"https:\/\/contraluzcucuta.co\/index.php?rest_route=\/wp\/v2\/media\/42599"}],"wp:attachment":[{"href":"https:\/\/contraluzcucuta.co\/index.php?rest_route=%2Fwp%2Fv2%2Fmedia&parent=42598"}],"wp:term":[{"taxonomy":"category","embeddable":true,"href":"https:\/\/contraluzcucuta.co\/index.php?rest_route=%2Fwp%2Fv2%2Fcategories&post=42598"},{"taxonomy":"post_tag","embeddable":true,"href":"https:\/\/contraluzcucuta.co\/index.php?rest_route=%2Fwp%2Fv2%2Ftags&post=42598"}],"curies":[{"name":"wp","href":"https:\/\/api.w.org\/{rel}","templated":true}]}}