{"id":42561,"date":"2024-07-05T05:14:14","date_gmt":"2024-07-05T10:14:14","guid":{"rendered":"https:\/\/contraluzcucuta.co\/?p=42561"},"modified":"2024-07-05T05:14:14","modified_gmt":"2024-07-05T10:14:14","slug":"cristo-ministro-cuatro-prioridades-fundamentales","status":"publish","type":"post","link":"https:\/\/contraluzcucuta.co\/?p=42561","title":{"rendered":"CRISTO, MINISTRO. Cuatro prioridades fundamentales"},"content":{"rendered":"<p style=\"padding-left: 40px; text-align: right;\"><strong><span style=\"color: #ff9900;\">BOGOT\u00c1. Ser\u00e1n cuatro los objetivos fundamentales que Juan Fernando Cristo impulsar\u00e1 desde el Ministerio del Interior.<\/span><\/strong><\/p>\n<p><a href=\"https:\/\/contraluzcucuta.co\/wp-content\/uploads\/2024\/07\/JUAN-FERNANDO-CRISTO-2.jpg\"><img loading=\"lazy\" decoding=\"async\" class=\"alignnone  wp-image-42563 alignleft\" src=\"https:\/\/contraluzcucuta.co\/wp-content\/uploads\/2024\/07\/JUAN-FERNANDO-CRISTO-2-300x168.jpg\" alt=\"\" width=\"250\" height=\"140\" srcset=\"https:\/\/contraluzcucuta.co\/wp-content\/uploads\/2024\/07\/JUAN-FERNANDO-CRISTO-2-300x168.jpg 300w, https:\/\/contraluzcucuta.co\/wp-content\/uploads\/2024\/07\/JUAN-FERNANDO-CRISTO-2-600x337.jpg 600w, https:\/\/contraluzcucuta.co\/wp-content\/uploads\/2024\/07\/JUAN-FERNANDO-CRISTO-2.jpg 768w\" sizes=\"auto, (max-width: 250px) 100vw, 250px\" \/><\/a><\/p>\n<p>Primero. B\u00fasqueda de un acuerdo nacional que permita explorar la posibilidad de convocar una Asamblea Nacional Constituyente bajo los par\u00e1metros de la Constituci\u00f3n de 1991.<\/p>\n<ul>\n<li>\u201cVamos a abrir un di\u00e1logo con todos los sectores del pa\u00eds: amigos del Gobierno, oposici\u00f3n, altas Cortes, Congreso, organizaciones sociales y comunitarias, sindicatos, gremios y empresarios\u201d.<\/li>\n<\/ul>\n<p>Segundo. Implementaci\u00f3n del Acuerdo de Paz con las Farc.<\/p>\n<ul>\n<li>\u201cVamos a asumir la responsabilidad y coordinar las tareas con todos los funcionarios que han venido con gran esfuerzo y compromiso haciendo esta tarea al interior del Gobierno\u201d.<\/li>\n<\/ul>\n<p>Tercero. La importancia de profundizar la autonom\u00eda territorial en Colombia.<\/p>\n<ul>\n<li>\u201cVamos a avanzar en un nuevo ordenamiento territorial y en un fortalecimiento de las capacidades fiscales de los departamentos y municipios del pa\u00eds\u201d.<\/li>\n<\/ul>\n<p>Cuarto. La agenda legislativa que presentar\u00e1 a consideraci\u00f3n del Congreso, el 20 de julio.<\/p>\n<ul>\n<li>\u201cNos reuniremos con todos los ministros y con el presidente de la Rep\u00fablica para definir las prioridades de esa agenda legislativa, dentro de las cuales estar\u00e1n la reforma laboral, la reforma a la salud y un nuevo esfuerzo por sacar adelante la ley estatutaria de educaci\u00f3n\u201d.<\/li>\n<\/ul>\n<p>Perfil del ministro del Interior<\/p>\n<ul>\n<li>Juan Fernando Cristo es abogado y l\u00edder pol\u00edtico y social. Remplaza en el cargo a Luis Fernando Velasco. Cristo tiene larga trayectoria pol\u00edtica en Colombia: senador de la Rep\u00fablica (1998 \u2013 2014), presidente del Senado.<\/li>\n<li>Ministro del Interior (agosto de 2014 a mayo de 2017).<\/li>\n<li>Ha ocupado altos cargos diplom\u00e1ticos<\/li>\n<li>Embajador de Colombia ante Grecia y C\u00f3nsul General en Caracas.<\/li>\n<\/ul>\n","protected":false},"excerpt":{"rendered":"<p>BOGOT\u00c1. Ser\u00e1n cuatro los objetivos fundamentales que Juan Fernando Cristo impulsar\u00e1 desde el Ministerio del Interior. Primero. B\u00fasqueda de un acuerdo nacional que permita explorar la posibilidad de convocar una Asamblea Nacional Constituyente bajo los par\u00e1metros de la Constituci\u00f3n de 1991. \u201cVamos a abrir un di\u00e1logo con todos los sectores del pa\u00eds: amigos del Gobierno, &hellip;<\/p>\n","protected":false},"author":1,"featured_media":42562,"comment_status":"open","ping_status":"open","sticky":false,"template":"","format":"standard","meta":{"footnotes":""},"categories":[4,9],"tags":[6476,783,1907],"class_list":["post-42561","post","type-post","status-publish","format-standard","has-post-thumbnail","hentry","category-barra","category-politica","tag-asamblea-nacional-constituyente","tag-juan-fernando-cristo","tag-ministerio-del-interior"],"_links":{"self":[{"href":"https:\/\/contraluzcucuta.co\/index.php?rest_route=\/wp\/v2\/posts\/42561","targetHints":{"allow":["GET"]}}],"collection":[{"href":"https:\/\/contraluzcucuta.co\/index.php?rest_route=\/wp\/v2\/posts"}],"about":[{"href":"https:\/\/contraluzcucuta.co\/index.php?rest_route=\/wp\/v2\/types\/post"}],"author":[{"embeddable":true,"href":"https:\/\/contraluzcucuta.co\/index.php?rest_route=\/wp\/v2\/users\/1"}],"replies":[{"embeddable":true,"href":"https:\/\/contraluzcucuta.co\/index.php?rest_route=%2Fwp%2Fv2%2Fcomments&post=42561"}],"version-history":[{"count":1,"href":"https:\/\/contraluzcucuta.co\/index.php?rest_route=\/wp\/v2\/posts\/42561\/revisions"}],"predecessor-version":[{"id":42564,"href":"https:\/\/contraluzcucuta.co\/index.php?rest_route=\/wp\/v2\/posts\/42561\/revisions\/42564"}],"wp:featuredmedia":[{"embeddable":true,"href":"https:\/\/contraluzcucuta.co\/index.php?rest_route=\/wp\/v2\/media\/42562"}],"wp:attachment":[{"href":"https:\/\/contraluzcucuta.co\/index.php?rest_route=%2Fwp%2Fv2%2Fmedia&parent=42561"}],"wp:term":[{"taxonomy":"category","embeddable":true,"href":"https:\/\/contraluzcucuta.co\/index.php?rest_route=%2Fwp%2Fv2%2Fcategories&post=42561"},{"taxonomy":"post_tag","embeddable":true,"href":"https:\/\/contraluzcucuta.co\/index.php?rest_route=%2Fwp%2Fv2%2Ftags&post=42561"}],"curies":[{"name":"wp","href":"https:\/\/api.w.org\/{rel}","templated":true}]}}