{"id":42541,"date":"2024-07-04T04:31:26","date_gmt":"2024-07-04T09:31:26","guid":{"rendered":"https:\/\/contraluzcucuta.co\/?p=42541"},"modified":"2024-07-04T04:31:26","modified_gmt":"2024-07-04T09:31:26","slug":"imagen-positiva-cucuta-en-los-reflectores-deportivos-y-politicos","status":"publish","type":"post","link":"https:\/\/contraluzcucuta.co\/?p=42541","title":{"rendered":"IMAGEN POSITIVA. C\u00facuta, en los reflectores deportivos y pol\u00edticos"},"content":{"rendered":"<p style=\"padding-left: 40px; text-align: right;\"><strong><span style=\"color: #ff9900;\">C\u00daCUTA.- Cuatro cucute\u00f1os estuvieron, a comienzos de semana, en los reflectores noticiosos de Colombia. Dos deportistas y dos pol\u00edticos acapararon los titulares noticiosos por sus actuaciones en canchas y por sus nombramientos en el equipo del gobierno central.<\/span><\/strong><\/p>\n<p>Mar\u00eda Camila Osorio, James Rodr\u00edguez, Juan Fernando Cristo y Mar\u00eda Constanza Garc\u00eda izaron la bandera rojinegra en el exterior y la Casa de Nari\u00f1o.<\/p>\n<p>La tenista cucute\u00f1a debut\u00f3 con triunfo en Wimbledon y clasific\u00f3 para viajar a los Juegos Ol\u00edmpicos de Par\u00eds 2024.<\/p>\n<p>El 10 de la Selecci\u00f3n Colombia de f\u00fatbol ha descollado en la Copa Am\u00e9rica y las mejores miradas del torneo se quedan con el capit\u00e1n nacional.<\/p>\n<p>El exministro Cristo vuelve al gabinete y acompa\u00f1ar\u00e1 a Gustavo Petro en la cartera del Interior.<\/p>\n<p>La ingeniera civil de la Universidad de La Salle es la nueva ministra de Transporte y pondr\u00e1 al servicio de los colombianos los conocimientos adquiridos en 20 a\u00f1os en el sector.<\/p>\n<p>Los habitantes de la capital de Norte de Santander se mantendr\u00e1n expectantes en torno a las actuaciones de estas dos mujeres y dos hombres que hoy son los embajadores motilones.<\/p>\n","protected":false},"excerpt":{"rendered":"<p>C\u00daCUTA.- Cuatro cucute\u00f1os estuvieron, a comienzos de semana, en los reflectores noticiosos de Colombia. Dos deportistas y dos pol\u00edticos acapararon los titulares noticiosos por sus actuaciones en canchas y por sus nombramientos en el equipo del gobierno central. Mar\u00eda Camila Osorio, James Rodr\u00edguez, Juan Fernando Cristo y Mar\u00eda Constanza Garc\u00eda izaron la bandera rojinegra en &hellip;<\/p>\n","protected":false},"author":1,"featured_media":42542,"comment_status":"open","ping_status":"open","sticky":false,"template":"","format":"standard","meta":{"footnotes":""},"categories":[4,6],"tags":[2324,462,783,4067,6467],"class_list":["post-42541","post","type-post","status-publish","format-standard","has-post-thumbnail","hentry","category-barra","category-ojo-avizor","tag-cucutenos-en-el-mundo","tag-james-rodriguez","tag-juan-fernando-cristo","tag-maria-camila-osorio","tag-maria-constanza-garcia"],"_links":{"self":[{"href":"https:\/\/contraluzcucuta.co\/index.php?rest_route=\/wp\/v2\/posts\/42541","targetHints":{"allow":["GET"]}}],"collection":[{"href":"https:\/\/contraluzcucuta.co\/index.php?rest_route=\/wp\/v2\/posts"}],"about":[{"href":"https:\/\/contraluzcucuta.co\/index.php?rest_route=\/wp\/v2\/types\/post"}],"author":[{"embeddable":true,"href":"https:\/\/contraluzcucuta.co\/index.php?rest_route=\/wp\/v2\/users\/1"}],"replies":[{"embeddable":true,"href":"https:\/\/contraluzcucuta.co\/index.php?rest_route=%2Fwp%2Fv2%2Fcomments&post=42541"}],"version-history":[{"count":1,"href":"https:\/\/contraluzcucuta.co\/index.php?rest_route=\/wp\/v2\/posts\/42541\/revisions"}],"predecessor-version":[{"id":42543,"href":"https:\/\/contraluzcucuta.co\/index.php?rest_route=\/wp\/v2\/posts\/42541\/revisions\/42543"}],"wp:featuredmedia":[{"embeddable":true,"href":"https:\/\/contraluzcucuta.co\/index.php?rest_route=\/wp\/v2\/media\/42542"}],"wp:attachment":[{"href":"https:\/\/contraluzcucuta.co\/index.php?rest_route=%2Fwp%2Fv2%2Fmedia&parent=42541"}],"wp:term":[{"taxonomy":"category","embeddable":true,"href":"https:\/\/contraluzcucuta.co\/index.php?rest_route=%2Fwp%2Fv2%2Fcategories&post=42541"},{"taxonomy":"post_tag","embeddable":true,"href":"https:\/\/contraluzcucuta.co\/index.php?rest_route=%2Fwp%2Fv2%2Ftags&post=42541"}],"curies":[{"name":"wp","href":"https:\/\/api.w.org\/{rel}","templated":true}]}}