{"id":42525,"date":"2024-07-03T21:17:58","date_gmt":"2024-07-04T02:17:58","guid":{"rendered":"https:\/\/contraluzcucuta.co\/?p=42525"},"modified":"2024-07-03T21:17:58","modified_gmt":"2024-07-04T02:17:58","slug":"conversaciones-de-entre-casa-el-arte-sensibiliza-tania-agudelo","status":"publish","type":"post","link":"https:\/\/contraluzcucuta.co\/?p=42525","title":{"rendered":"CONVERSACIONES DE ENTRE CASA. El arte sensibiliza, Tania Agudelo"},"content":{"rendered":"<p style=\"padding-left: 40px; text-align: right;\"><strong><span style=\"color: #ff9900;\">C\u00daCUTA.- Sustraer a los ni\u00f1os de las dificultades que ofrece el mundo violento no es tarea f\u00e1cil. Hacer que esos peque\u00f1os, residentes en barrios vulnerables, hagan de la cotidianidad una obra de arte no es cuesti\u00f3n de magia. Pedirles a unos t\u00edteres que transformen y le devuelvan la alegr\u00eda a la poblaci\u00f3n infantil no es asunto de ilusionismo.<\/span><\/strong><\/p>\n<p><a href=\"https:\/\/contraluzcucuta.co\/wp-content\/uploads\/2024\/07\/TALLER-DE-TITERES-6.jpeg\"><img loading=\"lazy\" decoding=\"async\" class=\"alignnone  wp-image-42527 alignleft\" src=\"https:\/\/contraluzcucuta.co\/wp-content\/uploads\/2024\/07\/TALLER-DE-TITERES-6-300x164.jpeg\" alt=\"\" width=\"251\" height=\"137\" srcset=\"https:\/\/contraluzcucuta.co\/wp-content\/uploads\/2024\/07\/TALLER-DE-TITERES-6-300x164.jpeg 300w, https:\/\/contraluzcucuta.co\/wp-content\/uploads\/2024\/07\/TALLER-DE-TITERES-6-600x328.jpeg 600w, https:\/\/contraluzcucuta.co\/wp-content\/uploads\/2024\/07\/TALLER-DE-TITERES-6.jpeg 749w\" sizes=\"auto, (max-width: 251px) 100vw, 251px\" \/><\/a><\/p>\n<p>El proyecto <em>El arte, la convivencia y la paz<\/em>, respaldado por el Ministerio de las Culturas, las Artes y los Saberes, busca incentivar la cultura y el arte desde el teatro de t\u00edteres. Todo, fundamentado en la importancia de la paz en C\u00facuta. Los barrios en situaci\u00f3n de vulnerabilidad viven el problema del reclutamiento forzado, la violencia y la guerra entre bandas. Los ni\u00f1os son los que soportan esta realidad.<\/p>\n<p>Tania Agudelo, sic\u00f3loga, est\u00e1 al frente del trabajo con las comunidades carentes de oportunidades para abandonar esa condici\u00f3n y destacar en medio de la sociedad que los margina y los olvida.<\/p>\n<ul>\n<li><em>Nos ubicamos en cuatro pilares, que trabajaron en una cartograf\u00eda social: La reconciliaci\u00f3n, la paz, la convivencia y la memoria. <\/em><\/li>\n<\/ul>\n<p><a href=\"https:\/\/contraluzcucuta.co\/wp-content\/uploads\/2024\/07\/TALLER-DE-TITERES-7.jpeg\"><img loading=\"lazy\" decoding=\"async\" class=\"alignnone  wp-image-42528 alignleft\" src=\"https:\/\/contraluzcucuta.co\/wp-content\/uploads\/2024\/07\/TALLER-DE-TITERES-7-300x164.jpeg\" alt=\"\" width=\"247\" height=\"135\" srcset=\"https:\/\/contraluzcucuta.co\/wp-content\/uploads\/2024\/07\/TALLER-DE-TITERES-7-300x164.jpeg 300w, https:\/\/contraluzcucuta.co\/wp-content\/uploads\/2024\/07\/TALLER-DE-TITERES-7-600x328.jpeg 600w, https:\/\/contraluzcucuta.co\/wp-content\/uploads\/2024\/07\/TALLER-DE-TITERES-7.jpeg 749w\" sizes=\"auto, (max-width: 247px) 100vw, 247px\" \/><\/a><\/p>\n<p>Sobre esos par\u00e1metros los ni\u00f1os hicieron obras de teatro de t\u00edteres, en las que revelaron y contaron c\u00f3mo viven y cu\u00e1l es la verdad de la cotidianidad. Por medio del ejercicio reflejaron y entendieron que lo que viven no es f\u00e1cil y que convocar a la comunidad a vivir o a pensarse de otra manera era necesario para tener una convivencia distinta.<\/p>\n<p>Para recrear las historias los peque\u00f1os echaron mano de la creatividad, elaboraron los mu\u00f1ecos, improvisaron en el relato y contaron sin miedo el diario vivir. El lenguaje utilizado es el propio de la edad o el que se aprende en la casa y en la calle. La principal caracter\u00edstica es la sinceridad con la que act\u00faan en medio del amor por lo que aprendieron a hacer.<\/p>\n<ul>\n<li><em>Nosotros, simplemente, les damos la confianza para que dejen volar la imaginaci\u00f3n, creen y trasladen a historias las vivencias, que parecen inveros\u00edmiles, pero son de la cotidianidad.<\/em><\/li>\n<\/ul>\n<p><a href=\"https:\/\/contraluzcucuta.co\/wp-content\/uploads\/2024\/07\/TALLER-DE-TITERES-12-scaled.jpeg\"><img loading=\"lazy\" decoding=\"async\" class=\"alignnone  wp-image-42529 alignleft\" src=\"https:\/\/contraluzcucuta.co\/wp-content\/uploads\/2024\/07\/TALLER-DE-TITERES-12-300x225.jpeg\" alt=\"\" width=\"249\" height=\"187\" srcset=\"https:\/\/contraluzcucuta.co\/wp-content\/uploads\/2024\/07\/TALLER-DE-TITERES-12-300x225.jpeg 300w, https:\/\/contraluzcucuta.co\/wp-content\/uploads\/2024\/07\/TALLER-DE-TITERES-12-600x450.jpeg 600w, https:\/\/contraluzcucuta.co\/wp-content\/uploads\/2024\/07\/TALLER-DE-TITERES-12-1024x768.jpeg 1024w, https:\/\/contraluzcucuta.co\/wp-content\/uploads\/2024\/07\/TALLER-DE-TITERES-12-768x576.jpeg 768w, https:\/\/contraluzcucuta.co\/wp-content\/uploads\/2024\/07\/TALLER-DE-TITERES-12-1536x1152.jpeg 1536w, https:\/\/contraluzcucuta.co\/wp-content\/uploads\/2024\/07\/TALLER-DE-TITERES-12-2048x1536.jpeg 2048w\" sizes=\"auto, (max-width: 249px) 100vw, 249px\" \/><\/a><\/p>\n<p>La Corporaci\u00f3n Cultural Taller de T\u00edteres (1984) trabaja con las comunidades en condici\u00f3n de empobrecimiento. Desde entonces toca la sensibilidad humana y produce el ejercicio de montajes de teatro o t\u00edteres para reflejar lo que se vive en los barrios. El objetivo es que se exprese lo vivido en el contexto social y as\u00ed convertirse en voz de denuncia.<\/p>\n<p>La labor lleva a\u00f1os ense\u00f1ando a la gente a buscar la manera de cambiar las condiciones de vida. Para cumplir ese prop\u00f3sito se valen de alianzas con lideresas, organizaciones y conocidos de hace a\u00f1os, que ayudan con las convocatorias del p\u00fablico objetivo. No hay l\u00edmites para los cupos.<\/p>\n<p>A lo largo de 40 a\u00f1os, la Corporaci\u00f3n ha ejecutado buena cantidad de proyectos. <em>El arte, la convivencia y la paz <\/em>es el \u00faltimo en el que han trabajado. Tania se lamenta, porque muchos de los trabajos no tienen continuidad y los participantes no los extienden en el tiempo.<\/p>\n<ul>\n<li><em>Hay adultos que me dicen \u2018a mi hijo le hago t\u00edteres para que tenga la motivaci\u00f3n que tuve\u2019. Este, que dur\u00f3 dos meses y algo m\u00e1s, quisi\u00e9ramos continuarlo.<\/em><\/li>\n<\/ul>\n<p><a href=\"https:\/\/contraluzcucuta.co\/wp-content\/uploads\/2024\/07\/TALLER-DE-TITERES-10.jpeg\"><img loading=\"lazy\" decoding=\"async\" class=\"alignnone  wp-image-42530 alignleft\" src=\"https:\/\/contraluzcucuta.co\/wp-content\/uploads\/2024\/07\/TALLER-DE-TITERES-10-300x219.jpeg\" alt=\"\" width=\"244\" height=\"178\" srcset=\"https:\/\/contraluzcucuta.co\/wp-content\/uploads\/2024\/07\/TALLER-DE-TITERES-10-300x219.jpeg 300w, https:\/\/contraluzcucuta.co\/wp-content\/uploads\/2024\/07\/TALLER-DE-TITERES-10-600x437.jpeg 600w, https:\/\/contraluzcucuta.co\/wp-content\/uploads\/2024\/07\/TALLER-DE-TITERES-10.jpeg 749w\" sizes=\"auto, (max-width: 244px) 100vw, 244px\" \/><\/a><\/p>\n<p>En la reflexi\u00f3n acerca del seguimiento a los talleres, asegur\u00f3 que es necesario crear escuelas de formaci\u00f3n. De esa manera se aprovechar\u00e1n las capacidades y habilidades que tienen los ni\u00f1os. Se est\u00e1 en mora de implementar esos centros de aprendizaje. Una idea es que pueden ser itinerantes para llegar a la mayor\u00eda de barrios cucute\u00f1os.<\/p>\n<p>Algunos de los participantes en las jornadas de capacitaci\u00f3n siguen el camino de las artes en teatro, t\u00edteres, danzas. Han mantenido el proceso, aunque son contados.<\/p>\n<p>Hasta los anillos de pobreza de C\u00facuta, Los Patios y Villa del Rosario, y El Catatumbo en ocasiones, se extiende la labor art\u00edstica. Ah\u00ed, los ni\u00f1os viven en condiciones precarias y es donde se procura desarrollar los proyectos. Las razones son simples, los ni\u00f1os aprovechan m\u00e1s el aprendizaje y ven las clases como un escape a la cotidianidad.<\/p>\n<p><strong>\u00bfC\u00f3mo reacciona un ni\u00f1o ante un t\u00edtere?<\/strong><\/p>\n<ul>\n<li><em>Primero, con sorpresa. Dicen qu\u00e9 feo es este mu\u00f1eco. Luego, con ternura, adoran al mu\u00f1eco, lo abrazan. El arte sensibiliza y es una herramienta important\u00edsima para sanar. El arte y los t\u00edteres son herramientas para reconstruir tejido social.<\/em><\/li>\n<\/ul>\n<p><strong>RAFAEL ANTONIO PAB\u00d3N<\/strong><\/p>\n<p><a href=\"mailto:rafaelpabon58@hotmail.com\"><strong>rafaelpabon58@hotmail.com<\/strong><\/a><\/p>\n","protected":false},"excerpt":{"rendered":"<p>C\u00daCUTA.- Sustraer a los ni\u00f1os de las dificultades que ofrece el mundo violento no es tarea f\u00e1cil. Hacer que esos peque\u00f1os, residentes en barrios vulnerables, hagan de la cotidianidad una obra de arte no es cuesti\u00f3n de magia. Pedirles a unos t\u00edteres que transformen y le devuelvan la alegr\u00eda a la poblaci\u00f3n infantil no es &hellip;<\/p>\n","protected":false},"author":1,"featured_media":42526,"comment_status":"open","ping_status":"open","sticky":false,"template":"","format":"standard","meta":{"footnotes":""},"categories":[45,4],"tags":[6465,6434],"class_list":["post-42525","post","type-post","status-publish","format-standard","has-post-thumbnail","hentry","category-destacado","category-barra","tag-corporacion-cultural-taller-de-titeres","tag-titeres-en-cucuta"],"_links":{"self":[{"href":"https:\/\/contraluzcucuta.co\/index.php?rest_route=\/wp\/v2\/posts\/42525","targetHints":{"allow":["GET"]}}],"collection":[{"href":"https:\/\/contraluzcucuta.co\/index.php?rest_route=\/wp\/v2\/posts"}],"about":[{"href":"https:\/\/contraluzcucuta.co\/index.php?rest_route=\/wp\/v2\/types\/post"}],"author":[{"embeddable":true,"href":"https:\/\/contraluzcucuta.co\/index.php?rest_route=\/wp\/v2\/users\/1"}],"replies":[{"embeddable":true,"href":"https:\/\/contraluzcucuta.co\/index.php?rest_route=%2Fwp%2Fv2%2Fcomments&post=42525"}],"version-history":[{"count":1,"href":"https:\/\/contraluzcucuta.co\/index.php?rest_route=\/wp\/v2\/posts\/42525\/revisions"}],"predecessor-version":[{"id":42531,"href":"https:\/\/contraluzcucuta.co\/index.php?rest_route=\/wp\/v2\/posts\/42525\/revisions\/42531"}],"wp:featuredmedia":[{"embeddable":true,"href":"https:\/\/contraluzcucuta.co\/index.php?rest_route=\/wp\/v2\/media\/42526"}],"wp:attachment":[{"href":"https:\/\/contraluzcucuta.co\/index.php?rest_route=%2Fwp%2Fv2%2Fmedia&parent=42525"}],"wp:term":[{"taxonomy":"category","embeddable":true,"href":"https:\/\/contraluzcucuta.co\/index.php?rest_route=%2Fwp%2Fv2%2Fcategories&post=42525"},{"taxonomy":"post_tag","embeddable":true,"href":"https:\/\/contraluzcucuta.co\/index.php?rest_route=%2Fwp%2Fv2%2Ftags&post=42525"}],"curies":[{"name":"wp","href":"https:\/\/api.w.org\/{rel}","templated":true}]}}