{"id":42504,"date":"2024-06-29T10:20:17","date_gmt":"2024-06-29T15:20:17","guid":{"rendered":"https:\/\/contraluzcucuta.co\/?p=42504"},"modified":"2024-06-29T10:20:17","modified_gmt":"2024-06-29T15:20:17","slug":"zona-franca-ministerio-de-comercio-prorrogo-la-declaratoria-de-existencia","status":"publish","type":"post","link":"https:\/\/contraluzcucuta.co\/?p=42504","title":{"rendered":"ZONA FRANCA. Ministerio de Comercio prorrog\u00f3 la declaratoria de existencia"},"content":{"rendered":"<p style=\"padding-left: 40px; text-align: right;\"><strong><span style=\"color: #ff9900;\">C\u00daCUTA.- Por otros 30 a\u00f1os fue prorrogada la declaratoria de existencia de la Zona Franca de C\u00facuta. El Ministerio de Comercio, Industria y Turismo de Colombia atendi\u00f3 la solicitud de la Gobernaci\u00f3n, la Zona Franca Santander (usuario operador) y los empresarios.<\/span><\/strong><\/p>\n<p><a href=\"https:\/\/contraluzcucuta.co\/wp-content\/uploads\/2024\/06\/ZONA-FRANCA-2.jpeg\"><img loading=\"lazy\" decoding=\"async\" class=\"alignnone  wp-image-42506 alignleft\" src=\"https:\/\/contraluzcucuta.co\/wp-content\/uploads\/2024\/06\/ZONA-FRANCA-2-300x265.jpeg\" alt=\"\" width=\"247\" height=\"218\" srcset=\"https:\/\/contraluzcucuta.co\/wp-content\/uploads\/2024\/06\/ZONA-FRANCA-2-300x265.jpeg 300w, https:\/\/contraluzcucuta.co\/wp-content\/uploads\/2024\/06\/ZONA-FRANCA-2-600x530.jpeg 600w, https:\/\/contraluzcucuta.co\/wp-content\/uploads\/2024\/06\/ZONA-FRANCA-2-1024x905.jpeg 1024w, https:\/\/contraluzcucuta.co\/wp-content\/uploads\/2024\/06\/ZONA-FRANCA-2-768x678.jpeg 768w, https:\/\/contraluzcucuta.co\/wp-content\/uploads\/2024\/06\/ZONA-FRANCA-2.jpeg 1080w\" sizes=\"auto, (max-width: 247px) 100vw, 247px\" \/><\/a><\/p>\n<p>La pr\u00f3rroga garantiza la continuidad de los negocios y afianza la confianza de los empresarios que han elegido esta \u00e1rea geogr\u00e1fica para instalar las operaciones de producci\u00f3n y comercializaci\u00f3n.<\/p>\n<p>Zona Franca Santander, como usuario operador, se comprometi\u00f3 a consolidar la Zona Franca como plataforma industrial moderna que dinamice la econom\u00eda del territorio y promueva la internacionalizaci\u00f3n de esta \u00e1rea de frontera.<\/p>\n<p>La Zona Franca de C\u00facuta, ubicada estrat\u00e9gicamente en la frontera con Venezuela, cuenta con m\u00e1s de 20 hect\u00e1reas declaradas para el desarrollo de operaciones industriales de bienes y servicios. Alberga 21 usuarios calificados, de los cuales 10 son industriales de bienes y servicios, y 11 son usuarios comerciales pertenecientes a log\u00edstica, manufactura, qu\u00edmicos, calzado, textil y comercial.<\/p>\n<p>Los usuarios instalados han efectuado inversiones superiores a $ 17.000 millones y han generado m\u00e1s de 113 empleos de calidad.<\/p>\n<p>La Gobernaci\u00f3n reconoci\u00f3 este logro como un hito para la comunidad empresarial instalada en la Zona Franca. Los nortesantandereanos contar\u00e1n con la plataforma potenciadora de industria, oportunidades y conexi\u00f3n internacional.<\/p>\n","protected":false},"excerpt":{"rendered":"<p>C\u00daCUTA.- Por otros 30 a\u00f1os fue prorrogada la declaratoria de existencia de la Zona Franca de C\u00facuta. El Ministerio de Comercio, Industria y Turismo de Colombia atendi\u00f3 la solicitud de la Gobernaci\u00f3n, la Zona Franca Santander (usuario operador) y los empresarios. La pr\u00f3rroga garantiza la continuidad de los negocios y afianza la confianza de los &hellip;<\/p>\n","protected":false},"author":1,"featured_media":42505,"comment_status":"open","ping_status":"open","sticky":false,"template":"","format":"standard","meta":{"footnotes":""},"categories":[4,6],"tags":[379,1560,1533,6458],"class_list":["post-42504","post","type-post","status-publish","format-standard","has-post-thumbnail","hentry","category-barra","category-ojo-avizor","tag-gobernacion-de-norte-de-santander","tag-ministerio-de-comercio","tag-zona-franca-de-cucuta","tag-zona-franca-santander"],"_links":{"self":[{"href":"https:\/\/contraluzcucuta.co\/index.php?rest_route=\/wp\/v2\/posts\/42504","targetHints":{"allow":["GET"]}}],"collection":[{"href":"https:\/\/contraluzcucuta.co\/index.php?rest_route=\/wp\/v2\/posts"}],"about":[{"href":"https:\/\/contraluzcucuta.co\/index.php?rest_route=\/wp\/v2\/types\/post"}],"author":[{"embeddable":true,"href":"https:\/\/contraluzcucuta.co\/index.php?rest_route=\/wp\/v2\/users\/1"}],"replies":[{"embeddable":true,"href":"https:\/\/contraluzcucuta.co\/index.php?rest_route=%2Fwp%2Fv2%2Fcomments&post=42504"}],"version-history":[{"count":1,"href":"https:\/\/contraluzcucuta.co\/index.php?rest_route=\/wp\/v2\/posts\/42504\/revisions"}],"predecessor-version":[{"id":42507,"href":"https:\/\/contraluzcucuta.co\/index.php?rest_route=\/wp\/v2\/posts\/42504\/revisions\/42507"}],"wp:featuredmedia":[{"embeddable":true,"href":"https:\/\/contraluzcucuta.co\/index.php?rest_route=\/wp\/v2\/media\/42505"}],"wp:attachment":[{"href":"https:\/\/contraluzcucuta.co\/index.php?rest_route=%2Fwp%2Fv2%2Fmedia&parent=42504"}],"wp:term":[{"taxonomy":"category","embeddable":true,"href":"https:\/\/contraluzcucuta.co\/index.php?rest_route=%2Fwp%2Fv2%2Fcategories&post=42504"},{"taxonomy":"post_tag","embeddable":true,"href":"https:\/\/contraluzcucuta.co\/index.php?rest_route=%2Fwp%2Fv2%2Ftags&post=42504"}],"curies":[{"name":"wp","href":"https:\/\/api.w.org\/{rel}","templated":true}]}}