{"id":42482,"date":"2024-06-25T04:26:05","date_gmt":"2024-06-25T09:26:05","guid":{"rendered":"https:\/\/contraluzcucuta.co\/?p=42482"},"modified":"2024-06-25T04:26:05","modified_gmt":"2024-06-25T09:26:05","slug":"gestion-del-riesgo-sala-de-crisis-se-mantiene-activada","status":"publish","type":"post","link":"https:\/\/contraluzcucuta.co\/?p=42482","title":{"rendered":"GESTI\u00d3N DEL RIESGO. Sala de crisis se mantiene activada"},"content":{"rendered":"<p style=\"padding-left: 40px; text-align: right;\"><strong><span style=\"color: #ff9900;\">C\u00daCUTA.- La Secretar\u00eda para la Gesti\u00f3n del Riesgo de Desastres atendi\u00f3 la emergencia que caus\u00f3 vendaval en el barrio Belisario (Ciudadela Juan Atalaya). Varias familias resultaron afectadas por la p\u00e9rdida parcial de las cubiertas de las viviendas y da\u00f1os en las infraestructuras.<\/span><\/strong><\/p>\n<p>El cuerpo t\u00e9cnico de la Secretar\u00eda se desplaz\u00f3 hasta la zona, acompa\u00f1ado del Cuerpo de Bomberos Voluntarios de C\u00facuta, y llev\u00f3 a cabo la valoraci\u00f3n de las afectaciones de las casas.<\/p>\n<p>\u201cTenemos la sala de crisis activada 24\/7, para atender las emergencias que puedan presentarse en la cuidad\u201d, expres\u00f3 el secretario Germ\u00e1n Ch\u00e1vez. Despu\u00e9s de la verificaci\u00f3n los colaboradores llegaron con ayudas humanitarias para las familias.<\/p>\n<p>Los funcionarios efectuaron la Evaluaci\u00f3n de Da\u00f1os y An\u00e1lisis de Necesidades (EDAN), del sector afectado, en compa\u00f1\u00eda de l\u00edderes y presidentes de las juntas comunales.<\/p>\n","protected":false},"excerpt":{"rendered":"<p>C\u00daCUTA.- La Secretar\u00eda para la Gesti\u00f3n del Riesgo de Desastres atendi\u00f3 la emergencia que caus\u00f3 vendaval en el barrio Belisario (Ciudadela Juan Atalaya). Varias familias resultaron afectadas por la p\u00e9rdida parcial de las cubiertas de las viviendas y da\u00f1os en las infraestructuras. El cuerpo t\u00e9cnico de la Secretar\u00eda se desplaz\u00f3 hasta la zona, acompa\u00f1ado del &hellip;<\/p>\n","protected":false},"author":1,"featured_media":42483,"comment_status":"open","ping_status":"open","sticky":false,"template":"","format":"standard","meta":{"footnotes":""},"categories":[11,4],"tags":[6452,1301,1454,5422,5423],"class_list":["post-42482","post","type-post","status-publish","format-standard","has-post-thumbnail","hentry","category-cronica-roja","category-barra","tag-barrio-belisario","tag-bomberos-de-cucuta","tag-ciudadela-juan-atalaya","tag-edan","tag-sala-de-crisis"],"_links":{"self":[{"href":"https:\/\/contraluzcucuta.co\/index.php?rest_route=\/wp\/v2\/posts\/42482","targetHints":{"allow":["GET"]}}],"collection":[{"href":"https:\/\/contraluzcucuta.co\/index.php?rest_route=\/wp\/v2\/posts"}],"about":[{"href":"https:\/\/contraluzcucuta.co\/index.php?rest_route=\/wp\/v2\/types\/post"}],"author":[{"embeddable":true,"href":"https:\/\/contraluzcucuta.co\/index.php?rest_route=\/wp\/v2\/users\/1"}],"replies":[{"embeddable":true,"href":"https:\/\/contraluzcucuta.co\/index.php?rest_route=%2Fwp%2Fv2%2Fcomments&post=42482"}],"version-history":[{"count":1,"href":"https:\/\/contraluzcucuta.co\/index.php?rest_route=\/wp\/v2\/posts\/42482\/revisions"}],"predecessor-version":[{"id":42484,"href":"https:\/\/contraluzcucuta.co\/index.php?rest_route=\/wp\/v2\/posts\/42482\/revisions\/42484"}],"wp:featuredmedia":[{"embeddable":true,"href":"https:\/\/contraluzcucuta.co\/index.php?rest_route=\/wp\/v2\/media\/42483"}],"wp:attachment":[{"href":"https:\/\/contraluzcucuta.co\/index.php?rest_route=%2Fwp%2Fv2%2Fmedia&parent=42482"}],"wp:term":[{"taxonomy":"category","embeddable":true,"href":"https:\/\/contraluzcucuta.co\/index.php?rest_route=%2Fwp%2Fv2%2Fcategories&post=42482"},{"taxonomy":"post_tag","embeddable":true,"href":"https:\/\/contraluzcucuta.co\/index.php?rest_route=%2Fwp%2Fv2%2Ftags&post=42482"}],"curies":[{"name":"wp","href":"https:\/\/api.w.org\/{rel}","templated":true}]}}