{"id":42473,"date":"2024-06-25T04:02:07","date_gmt":"2024-06-25T09:02:07","guid":{"rendered":"https:\/\/contraluzcucuta.co\/?p=42473"},"modified":"2024-06-25T04:02:07","modified_gmt":"2024-06-25T09:02:07","slug":"homilia-dominical-el-que-rechaza-a-dios-resuelve-los-conflictos-desde-el-diablo-monsenor-garces","status":"publish","type":"post","link":"https:\/\/contraluzcucuta.co\/?p=42473","title":{"rendered":"HOMIL\u00cdA DOMINICAL. El que rechaza a Dios resuelve los conflictos desde el diablo, monse\u00f1or Garc\u00e9s"},"content":{"rendered":"<p style=\"padding-left: 40px; text-align: right;\"><strong><span style=\"color: #ff9900;\">C\u00daCUTA.- A la luz del pasaje b\u00edblico narrado por Marcos (4, 35 \u2013 41), monse\u00f1or Jos\u00e9 Libardo Garc\u00e9s, obispo de C\u00facuta, habl\u00f3 la realidad de tormenta y de dificultad que se vive por estos d\u00edas en la ciudad. \u201cEste evangelio relata lo que vivimos cada d\u00eda en nuestra vida personal, familiar, comunitaria y de trabajo\u201d. \u00a0\u00a0<\/span><\/strong><\/p>\n<p style=\"text-align: left;\">\n<p style=\"text-align: left;\">El prelado explic\u00f3, en la homil\u00eda dominical, que en toda familia hay tormentas, conflictos, problemas, peleas y obst\u00e1culos. Monse\u00f1or Garc\u00e9s presidi\u00f3 el encuentro de comunidades catec\u00famenas, efectuado, este 23 de junio, en el Templo del Divino Ni\u00f1o (Villa del Rosario).<\/p>\n<p><a href=\"https:\/\/contraluzcucuta.co\/wp-content\/uploads\/2024\/06\/MONSENOR-JOSE-GARCES-1.jpeg\"><img loading=\"lazy\" decoding=\"async\" class=\"alignnone  wp-image-42476 alignleft\" src=\"https:\/\/contraluzcucuta.co\/wp-content\/uploads\/2024\/06\/MONSENOR-JOSE-GARCES-1-300x225.jpeg\" alt=\"\" width=\"248\" height=\"186\" srcset=\"https:\/\/contraluzcucuta.co\/wp-content\/uploads\/2024\/06\/MONSENOR-JOSE-GARCES-1-300x225.jpeg 300w, https:\/\/contraluzcucuta.co\/wp-content\/uploads\/2024\/06\/MONSENOR-JOSE-GARCES-1-600x450.jpeg 600w, https:\/\/contraluzcucuta.co\/wp-content\/uploads\/2024\/06\/MONSENOR-JOSE-GARCES-1-1024x768.jpeg 1024w, https:\/\/contraluzcucuta.co\/wp-content\/uploads\/2024\/06\/MONSENOR-JOSE-GARCES-1-768x576.jpeg 768w, https:\/\/contraluzcucuta.co\/wp-content\/uploads\/2024\/06\/MONSENOR-JOSE-GARCES-1-1536x1152.jpeg 1536w, https:\/\/contraluzcucuta.co\/wp-content\/uploads\/2024\/06\/MONSENOR-JOSE-GARCES-1.jpeg 1600w\" sizes=\"auto, (max-width: 248px) 100vw, 248px\" \/><\/a><\/p>\n<p>Estas dificultades hacen parte del ser humano y en todo hogar se manifiesta esa realidad tormentosa, que la afrontan creyentes y no creyentes. \u201cLa diferencia est\u00e1 es la manera de resolver esas verdades\u201d, indic\u00f3 monse\u00f1or Jos\u00e9 Libardo ante el silencio respetuoso de los fieles.<\/p>\n<p>Manifest\u00f3 que el que rechaza a Dios, o no lo deja entrar a su coraz\u00f3n, resuelve esos conflictos desde el diablo. \u201cLos resuelve con el odio, el resentimiento, el rencor, la venganza y la violencia\u201d. Incluso, agreg\u00f3, con depresi\u00f3n y agresividad y se pregunta \u201c\u00bfpor qu\u00e9 me pasa esto?\u201d y otros cuestionamientos que no tienen respuesta.<\/p>\n<p>Esa actitud, indic\u00f3 el Obispo de C\u00facuta, es indicativo de la falta de fe y el rechazo a Dios. \u201cO, simplemente, dejarse invadir del esp\u00edritu del mal, del demonio\u201d.<\/p>\n<p>En cambio, cuando se renuncia al mal y entiende que en medio de esas dificultades est\u00e1 Jesucristo, \u201c\u00c9l va con nosotros en la barca\u201d, y nos ayuda a resolver esos problemas. \u201cEsas tormentas las resolvemos con el perd\u00f3n, la reconciliaci\u00f3n, la paz, el di\u00e1logo, el encuentro, la confesi\u00f3n y la eucarist\u00eda\u201d.<\/p>\n<p>Monse\u00f1or Jos\u00e9 Libardo Garc\u00e9s, tambi\u00e9n, se refiri\u00f3 a la enfermedad del siglo y del momento. \u201cLa gente se deprime por nada. Por lo m\u00e1s insignificante est\u00e1 deprimido. Se deprime porque lo miraron, porque no lo miraron, porque medio lo miraron. Por cualquier tonter\u00eda se deprimen\u201d.<\/p>\n<p>Defini\u00f3 la depresi\u00f3n, en \u00faltimas, como la p\u00e9rdida de la virtud de la esperanza. Se pregunt\u00f3 \u201c\u00bfPor qu\u00e9 pierde uno la esperanza?\u201d. Y respondi\u00f3, \u201cporque perdi\u00f3 la fe. Y cuando pierde la fe y la esperanza uno est\u00e1 vac\u00edo. No tiene de d\u00f3nde agarrarse\u201d.<\/p>\n","protected":false},"excerpt":{"rendered":"<p>C\u00daCUTA.- A la luz del pasaje b\u00edblico narrado por Marcos (4, 35 \u2013 41), monse\u00f1or Jos\u00e9 Libardo Garc\u00e9s, obispo de C\u00facuta, habl\u00f3 la realidad de tormenta y de dificultad que se vive por estos d\u00edas en la ciudad. \u201cEste evangelio relata lo que vivimos cada d\u00eda en nuestra vida personal, familiar, comunitaria y de trabajo\u201d. &hellip;<\/p>\n","protected":false},"author":1,"featured_media":42474,"comment_status":"open","ping_status":"open","sticky":false,"template":"","format":"standard","meta":{"footnotes":""},"categories":[4,9],"tags":[6449,8,1584,5153,173,5974],"class_list":["post-42473","post","type-post","status-publish","format-standard","has-post-thumbnail","hentry","category-barra","category-politica","tag-catecumenos","tag-diocesis-de-cucuta","tag-diocesis-de-san-cristobal","tag-monsenor-jose-libardo-garces","tag-obispo-de-cucuta","tag-templo-del-divino-nino"],"_links":{"self":[{"href":"https:\/\/contraluzcucuta.co\/index.php?rest_route=\/wp\/v2\/posts\/42473","targetHints":{"allow":["GET"]}}],"collection":[{"href":"https:\/\/contraluzcucuta.co\/index.php?rest_route=\/wp\/v2\/posts"}],"about":[{"href":"https:\/\/contraluzcucuta.co\/index.php?rest_route=\/wp\/v2\/types\/post"}],"author":[{"embeddable":true,"href":"https:\/\/contraluzcucuta.co\/index.php?rest_route=\/wp\/v2\/users\/1"}],"replies":[{"embeddable":true,"href":"https:\/\/contraluzcucuta.co\/index.php?rest_route=%2Fwp%2Fv2%2Fcomments&post=42473"}],"version-history":[{"count":1,"href":"https:\/\/contraluzcucuta.co\/index.php?rest_route=\/wp\/v2\/posts\/42473\/revisions"}],"predecessor-version":[{"id":42477,"href":"https:\/\/contraluzcucuta.co\/index.php?rest_route=\/wp\/v2\/posts\/42473\/revisions\/42477"}],"wp:featuredmedia":[{"embeddable":true,"href":"https:\/\/contraluzcucuta.co\/index.php?rest_route=\/wp\/v2\/media\/42474"}],"wp:attachment":[{"href":"https:\/\/contraluzcucuta.co\/index.php?rest_route=%2Fwp%2Fv2%2Fmedia&parent=42473"}],"wp:term":[{"taxonomy":"category","embeddable":true,"href":"https:\/\/contraluzcucuta.co\/index.php?rest_route=%2Fwp%2Fv2%2Fcategories&post=42473"},{"taxonomy":"post_tag","embeddable":true,"href":"https:\/\/contraluzcucuta.co\/index.php?rest_route=%2Fwp%2Fv2%2Ftags&post=42473"}],"curies":[{"name":"wp","href":"https:\/\/api.w.org\/{rel}","templated":true}]}}