{"id":42470,"date":"2024-06-25T03:42:32","date_gmt":"2024-06-25T08:42:32","guid":{"rendered":"https:\/\/contraluzcucuta.co\/?p=42470"},"modified":"2024-06-25T03:42:32","modified_gmt":"2024-06-25T08:42:32","slug":"receso-escolar-pae-llega-a-mas-de-9-mil-ninos-de-el-tarra-y-hacari","status":"publish","type":"post","link":"https:\/\/contraluzcucuta.co\/?p=42470","title":{"rendered":"RECESO ESCOLAR. PAE llega a m\u00e1s de 9 mil ni\u00f1os de El Tarra y Hacar\u00ed"},"content":{"rendered":"<p style=\"padding-left: 40px; text-align: right;\"><strong><span style=\"color: #ff9900;\">C\u00daCUTA.- 6596 estudiantes de El Tarra y 2536 de Hacar\u00ed recibir\u00e1n durante el receso estudiantil, la Canasta de Alimentos del Programa de Alimentaci\u00f3n Escolar. La ejecuci\u00f3n se alinea con el eje 3 del Plan Nacional de Desarrollo, para beneficiar a ni\u00f1os, adolescentes y j\u00f3venes matriculados en el Sistema Integrado de Matr\u00edcula (SIMAT) de las instituciones educativas.<\/span><\/strong><\/p>\n<p>\u201cNuestro objetivo es que cada ni\u00f1o de Norte de Santander tenga acceso a una alimentaci\u00f3n balanceada que les permita desarrollarse plenamente\u201d, dijo la coordinadora del PAE, \u00c9rika Jaimes.<\/p>\n<p>La Canasta incluir\u00e1:<\/p>\n<p>\u2013 Grupo 1: cereales, ra\u00edces, tub\u00e9rculos, pl\u00e1tanos.<\/p>\n<p>\u2013 Grupo 2: frutas y verduras.<\/p>\n<p>\u2013 Grupo 3: leche y productos l\u00e1cteos.<\/p>\n<p>\u2013 Grupo 4: carnes, huevos y leguminosas.<\/p>\n<p>\u2013 Grupo 5: grasas.<\/p>\n<p>\u2013 Grupo 6: az\u00facares.<\/p>\n","protected":false},"excerpt":{"rendered":"<p>C\u00daCUTA.- 6596 estudiantes de El Tarra y 2536 de Hacar\u00ed recibir\u00e1n durante el receso estudiantil, la Canasta de Alimentos del Programa de Alimentaci\u00f3n Escolar. La ejecuci\u00f3n se alinea con el eje 3 del Plan Nacional de Desarrollo, para beneficiar a ni\u00f1os, adolescentes y j\u00f3venes matriculados en el Sistema Integrado de Matr\u00edcula (SIMAT) de las instituciones &hellip;<\/p>\n","protected":false},"author":1,"featured_media":42471,"comment_status":"open","ping_status":"open","sticky":false,"template":"","format":"standard","meta":{"footnotes":""},"categories":[4,36],"tags":[5972,6447,6448],"class_list":["post-42470","post","type-post","status-publish","format-standard","has-post-thumbnail","hentry","category-barra","category-la-voz-del-pueblo","tag-pae-en-norte-de-santander","tag-simat","tag-sistema-integrado-de-matricula"],"_links":{"self":[{"href":"https:\/\/contraluzcucuta.co\/index.php?rest_route=\/wp\/v2\/posts\/42470","targetHints":{"allow":["GET"]}}],"collection":[{"href":"https:\/\/contraluzcucuta.co\/index.php?rest_route=\/wp\/v2\/posts"}],"about":[{"href":"https:\/\/contraluzcucuta.co\/index.php?rest_route=\/wp\/v2\/types\/post"}],"author":[{"embeddable":true,"href":"https:\/\/contraluzcucuta.co\/index.php?rest_route=\/wp\/v2\/users\/1"}],"replies":[{"embeddable":true,"href":"https:\/\/contraluzcucuta.co\/index.php?rest_route=%2Fwp%2Fv2%2Fcomments&post=42470"}],"version-history":[{"count":1,"href":"https:\/\/contraluzcucuta.co\/index.php?rest_route=\/wp\/v2\/posts\/42470\/revisions"}],"predecessor-version":[{"id":42472,"href":"https:\/\/contraluzcucuta.co\/index.php?rest_route=\/wp\/v2\/posts\/42470\/revisions\/42472"}],"wp:featuredmedia":[{"embeddable":true,"href":"https:\/\/contraluzcucuta.co\/index.php?rest_route=\/wp\/v2\/media\/42471"}],"wp:attachment":[{"href":"https:\/\/contraluzcucuta.co\/index.php?rest_route=%2Fwp%2Fv2%2Fmedia&parent=42470"}],"wp:term":[{"taxonomy":"category","embeddable":true,"href":"https:\/\/contraluzcucuta.co\/index.php?rest_route=%2Fwp%2Fv2%2Fcategories&post=42470"},{"taxonomy":"post_tag","embeddable":true,"href":"https:\/\/contraluzcucuta.co\/index.php?rest_route=%2Fwp%2Fv2%2Ftags&post=42470"}],"curies":[{"name":"wp","href":"https:\/\/api.w.org\/{rel}","templated":true}]}}