{"id":42462,"date":"2024-06-24T21:54:45","date_gmt":"2024-06-25T02:54:45","guid":{"rendered":"https:\/\/contraluzcucuta.co\/?p=42462"},"modified":"2024-06-24T21:54:45","modified_gmt":"2024-06-25T02:54:45","slug":"conversaciones-de-entre-casa-los-ninos-son-los-que-se-inventan-las-historias-pablito","status":"publish","type":"post","link":"https:\/\/contraluzcucuta.co\/?p=42462","title":{"rendered":"CONVERSACIONES DE ENTRE CASA. Los ni\u00f1os son los que se inventan las historias, Pablito"},"content":{"rendered":"<p style=\"padding-left: 40px; text-align: right;\"><strong><span style=\"color: #ff9900;\">C\u00daCUTA.- Metidos en un bolso negro y en una bolsa pl\u00e1tica, uno sobre otro, sin orden ni cuidado, est\u00e1n Pablito, la Rana, la Abuela, el Abuelo, el Lobo y todos los dem\u00e1s t\u00edteres que divierten a ni\u00f1os y grandes en el asentamiento Alfonso G\u00f3mez. Est\u00e1n vestidos con colores llamativos. Los hay grandes y peque\u00f1os. Ninguno es m\u00e1s gracioso que el otro.<\/span><\/strong><\/p>\n<p><a href=\"https:\/\/contraluzcucuta.co\/wp-content\/uploads\/2024\/06\/TITERES-8.jpeg\"><img loading=\"lazy\" decoding=\"async\" class=\"alignnone  wp-image-42464 alignleft\" src=\"https:\/\/contraluzcucuta.co\/wp-content\/uploads\/2024\/06\/TITERES-8-300x225.jpeg\" alt=\"\" width=\"249\" height=\"187\" srcset=\"https:\/\/contraluzcucuta.co\/wp-content\/uploads\/2024\/06\/TITERES-8-300x225.jpeg 300w, https:\/\/contraluzcucuta.co\/wp-content\/uploads\/2024\/06\/TITERES-8-600x450.jpeg 600w, https:\/\/contraluzcucuta.co\/wp-content\/uploads\/2024\/06\/TITERES-8-1024x768.jpeg 1024w, https:\/\/contraluzcucuta.co\/wp-content\/uploads\/2024\/06\/TITERES-8-768x576.jpeg 768w, https:\/\/contraluzcucuta.co\/wp-content\/uploads\/2024\/06\/TITERES-8-1536x1152.jpeg 1536w, https:\/\/contraluzcucuta.co\/wp-content\/uploads\/2024\/06\/TITERES-8.jpeg 1600w\" sizes=\"auto, (max-width: 249px) 100vw, 249px\" \/><\/a><\/p>\n<p><strong>\u00bfCu\u00e1l de los t\u00edteres es el consentido?<\/strong><\/p>\n<ul>\n<li><em>Es la Abuelita. Es una viejita con la que trabajo. Tambi\u00e9n, est\u00e1 uno al que le ponemos nombre seg\u00fan la funci\u00f3n. Puede ser Juan Pablo o Luis.<\/em><\/li>\n<\/ul>\n<p>Los ni\u00f1os son los que se inventan las historias. Francia Giraldo es la directora y los gu\u00eda para que la presentaci\u00f3n sea de calidad. En algunos momentos corrige el camino para que no desv\u00eden por diversas consideraciones. Hace sugerencias de manejo del di\u00e1logo y correcci\u00f3n de movimientos en favor del espect\u00e1culo.<\/p>\n<p>Al ver los t\u00edteres, a los peque\u00f1os se les desarrolla el intelecto por el impacto que crea la figura. Se les ocurren las escenas, que se anotan para acomodar el libreto.<\/p>\n<p>Pablito se asoma al teatrino. Es rubio. Lleva camisa azul, pantal\u00f3n rojo y zapatos combinados. Mantiene los ojos abiertos para no perder de vista lo que ocurre en la sala. Los parientes no tienen funci\u00f3n, por lo que est\u00e1n por ah\u00ed, en cualquier lado.<\/p>\n<ul>\n<li><em>Hola, usted no m\u00e1s pregunte.<\/em><\/li>\n<\/ul>\n<p><a href=\"https:\/\/contraluzcucuta.co\/wp-content\/uploads\/2024\/06\/TITERES-2.jpeg\"><img loading=\"lazy\" decoding=\"async\" class=\"alignnone  wp-image-42465 alignleft\" src=\"https:\/\/contraluzcucuta.co\/wp-content\/uploads\/2024\/06\/TITERES-2-300x225.jpeg\" alt=\"\" width=\"251\" height=\"188\" srcset=\"https:\/\/contraluzcucuta.co\/wp-content\/uploads\/2024\/06\/TITERES-2-300x225.jpeg 300w, https:\/\/contraluzcucuta.co\/wp-content\/uploads\/2024\/06\/TITERES-2-600x450.jpeg 600w, https:\/\/contraluzcucuta.co\/wp-content\/uploads\/2024\/06\/TITERES-2-1024x768.jpeg 1024w, https:\/\/contraluzcucuta.co\/wp-content\/uploads\/2024\/06\/TITERES-2-768x576.jpeg 768w, https:\/\/contraluzcucuta.co\/wp-content\/uploads\/2024\/06\/TITERES-2-1536x1152.jpeg 1536w, https:\/\/contraluzcucuta.co\/wp-content\/uploads\/2024\/06\/TITERES-2.jpeg 1600w\" sizes=\"auto, (max-width: 251px) 100vw, 251px\" \/><\/a><\/p>\n<p>Dijo, sin el menor asomo de timidez o miedo por la entrevista. Se presenta y recuerda que est\u00e1 en el Teatro Bambalina Colorada. Hace parte del elenco y hoy le correspondi\u00f3 el turno de hacer de vocero oficial. Para los ni\u00f1os, ausentes en esta ocasi\u00f3n, les envi\u00f3 el mensaje que aguardaban.<\/p>\n<ul>\n<li><em>En estos d\u00edas tenemos otra vez escuela de formaci\u00f3n, aqu\u00ed.<\/em><\/li>\n<\/ul>\n<p>Llama a lista a los compa\u00f1eros. Estaba enumer\u00e1ndolos, Perrito, Abuelito (est\u00e1 enfermito), cuando de repente interrumpi\u00f3 Lobito y comenz\u00f3 a aullar para desviar la atenci\u00f3n.<\/p>\n<ul>\n<li><em>Los ni\u00f1os reciben formaci\u00f3n en teatro, que es representar un personaje que no somos nosotros. Tambi\u00e9n, hacen t\u00edteres.<\/em><\/li>\n<\/ul>\n<p>Los compa\u00f1eros de Pablito quieren ganar en protagonismo. El turno es para la Ranita Ren\u00e9. La lluvia, explic\u00f3 el anfitri\u00f3n, no permiti\u00f3 que se reunieran todos los personajes, por cuanto las v\u00edas, que est\u00e1n destapadas se ponen malucas y no permiten la circulaci\u00f3n vehicular.<\/p>\n<p><a href=\"https:\/\/contraluzcucuta.co\/wp-content\/uploads\/2024\/06\/TITERES-6.jpeg\"><img loading=\"lazy\" decoding=\"async\" class=\"alignnone  wp-image-42466 alignleft\" src=\"https:\/\/contraluzcucuta.co\/wp-content\/uploads\/2024\/06\/TITERES-6-300x225.jpeg\" alt=\"\" width=\"247\" height=\"185\" srcset=\"https:\/\/contraluzcucuta.co\/wp-content\/uploads\/2024\/06\/TITERES-6-300x225.jpeg 300w, https:\/\/contraluzcucuta.co\/wp-content\/uploads\/2024\/06\/TITERES-6-600x450.jpeg 600w, https:\/\/contraluzcucuta.co\/wp-content\/uploads\/2024\/06\/TITERES-6-1024x768.jpeg 1024w, https:\/\/contraluzcucuta.co\/wp-content\/uploads\/2024\/06\/TITERES-6-768x576.jpeg 768w, https:\/\/contraluzcucuta.co\/wp-content\/uploads\/2024\/06\/TITERES-6-1536x1152.jpeg 1536w, https:\/\/contraluzcucuta.co\/wp-content\/uploads\/2024\/06\/TITERES-6.jpeg 1600w\" sizes=\"auto, (max-width: 247px) 100vw, 247px\" \/><\/a><\/p>\n<p>La abuelita Dioselina, como en la vida real, alcahuetea a Pablito en todo lo que hace. Entre los ni\u00f1os quiere a Alvarito y a Jos\u00e9. De Francia habla con elogios y con los mejorescalificativos.<\/p>\n<ul>\n<li><em>Esa se\u00f1ora viene a divertirnos a todos. Un d\u00eda nos presenta una funci\u00f3n, al otro d\u00eda trae otra.<\/em><\/li>\n<\/ul>\n<p>La Rana Ren\u00e9 distrae la atenci\u00f3n. Modela el vestido verde eterno que luce. Se prepara para asistir al concurso de belleza Mis Mundo. Pablito no le da las mayores posibilidades de ganar.<\/p>\n<p>Pablito tiene 10 a\u00f1os. Hace 3 a\u00f1os es una de las figuras del teatro. El sustento les llega por el trabajo que cumple la profesora Francia. A veces, la Secretar\u00eda de Cultura, los ayuda. Do\u00f1a Remedios interrumpe. Es la mam\u00e1 de la rana.<\/p>\n<p>As\u00ed, entre diversi\u00f3n, chistes, imaginaci\u00f3n, improvisaci\u00f3n y alegr\u00eda viven los personajes del Teatro Bambalina Colorada. Solo requieren otro espacio, m\u00e1s apoyo oficial, mejoramiento de las condiciones de vida del p\u00fablico al que se deben, mayor atenci\u00f3n a Francia y oportunidades para salir a la ciudad. Aunque en medio de las carencias son felices y hacen re\u00edr a chicos y grandes en este asentamiento.<\/p>\n<p>Es hora de volver a las bolsas. Uno a uno o en grupo entran sin protestar. Permanecer\u00e1n guardados en el escaparate de la habitaci\u00f3n hasta cuando se anuncie que hay nueva presentaci\u00f3n.<\/p>\n<p><strong>RAFAEL ANTONIO PAB\u00d3N <\/strong><\/p>\n<p><a href=\"mailto:rafaelpabon58@hotmail.com\"><strong>rafaelpabon58@hotmail.com<\/strong><\/a><\/p>\n","protected":false},"excerpt":{"rendered":"<p>C\u00daCUTA.- Metidos en un bolso negro y en una bolsa pl\u00e1tica, uno sobre otro, sin orden ni cuidado, est\u00e1n Pablito, la Rana, la Abuela, el Abuelo, el Lobo y todos los dem\u00e1s t\u00edteres que divierten a ni\u00f1os y grandes en el asentamiento Alfonso G\u00f3mez. Est\u00e1n vestidos con colores llamativos. Los hay grandes y peque\u00f1os. Ninguno &hellip;<\/p>\n","protected":false},"author":1,"featured_media":42463,"comment_status":"open","ping_status":"open","sticky":false,"template":"","format":"standard","meta":{"footnotes":""},"categories":[45,4],"tags":[6433,6434],"class_list":["post-42462","post","type-post","status-publish","format-standard","has-post-thumbnail","hentry","category-destacado","category-barra","tag-ong-teatro-bambalina-colorada","tag-titeres-en-cucuta"],"_links":{"self":[{"href":"https:\/\/contraluzcucuta.co\/index.php?rest_route=\/wp\/v2\/posts\/42462","targetHints":{"allow":["GET"]}}],"collection":[{"href":"https:\/\/contraluzcucuta.co\/index.php?rest_route=\/wp\/v2\/posts"}],"about":[{"href":"https:\/\/contraluzcucuta.co\/index.php?rest_route=\/wp\/v2\/types\/post"}],"author":[{"embeddable":true,"href":"https:\/\/contraluzcucuta.co\/index.php?rest_route=\/wp\/v2\/users\/1"}],"replies":[{"embeddable":true,"href":"https:\/\/contraluzcucuta.co\/index.php?rest_route=%2Fwp%2Fv2%2Fcomments&post=42462"}],"version-history":[{"count":1,"href":"https:\/\/contraluzcucuta.co\/index.php?rest_route=\/wp\/v2\/posts\/42462\/revisions"}],"predecessor-version":[{"id":42467,"href":"https:\/\/contraluzcucuta.co\/index.php?rest_route=\/wp\/v2\/posts\/42462\/revisions\/42467"}],"wp:featuredmedia":[{"embeddable":true,"href":"https:\/\/contraluzcucuta.co\/index.php?rest_route=\/wp\/v2\/media\/42463"}],"wp:attachment":[{"href":"https:\/\/contraluzcucuta.co\/index.php?rest_route=%2Fwp%2Fv2%2Fmedia&parent=42462"}],"wp:term":[{"taxonomy":"category","embeddable":true,"href":"https:\/\/contraluzcucuta.co\/index.php?rest_route=%2Fwp%2Fv2%2Fcategories&post=42462"},{"taxonomy":"post_tag","embeddable":true,"href":"https:\/\/contraluzcucuta.co\/index.php?rest_route=%2Fwp%2Fv2%2Ftags&post=42462"}],"curies":[{"name":"wp","href":"https:\/\/api.w.org\/{rel}","templated":true}]}}