{"id":42447,"date":"2024-06-23T17:16:48","date_gmt":"2024-06-23T22:16:48","guid":{"rendered":"https:\/\/contraluzcucuta.co\/?p=42447"},"modified":"2024-06-23T17:16:48","modified_gmt":"2024-06-23T22:16:48","slug":"ferias-y-fiestas-cucuta-ciudad-destino","status":"publish","type":"post","link":"https:\/\/contraluzcucuta.co\/?p=42447","title":{"rendered":"FERIAS Y FIESTAS. C\u00facuta, ciudad destino"},"content":{"rendered":"<p style=\"padding-left: 40px; text-align: right;\"><strong><span style=\"color: #ff9900;\">C\u00daCUTA.- En dos etapas se clasificaron las fiestas cucute\u00f1as, para este a\u00f1o. Preferias, del 5 de julio al 18 de agosto, y Ferias, del 19 al 24 de agosto. El objetivo trazado para este a\u00f1o es posicionar a la ciudad como el destino preferido por turistas nacionales e internacionales.<\/span><\/strong><\/p>\n<p><a href=\"https:\/\/contraluzcucuta.co\/wp-content\/uploads\/2024\/06\/FERIAS-Y-FIESTAS-DE-CUCUTA-3.jpg\"><img loading=\"lazy\" decoding=\"async\" class=\"alignnone  wp-image-42449 alignleft\" src=\"https:\/\/contraluzcucuta.co\/wp-content\/uploads\/2024\/06\/FERIAS-Y-FIESTAS-DE-CUCUTA-3-300x226.jpg\" alt=\"\" width=\"247\" height=\"186\" srcset=\"https:\/\/contraluzcucuta.co\/wp-content\/uploads\/2024\/06\/FERIAS-Y-FIESTAS-DE-CUCUTA-3-300x226.jpg 300w, https:\/\/contraluzcucuta.co\/wp-content\/uploads\/2024\/06\/FERIAS-Y-FIESTAS-DE-CUCUTA-3-600x452.jpg 600w, https:\/\/contraluzcucuta.co\/wp-content\/uploads\/2024\/06\/FERIAS-Y-FIESTAS-DE-CUCUTA-3-768x578.jpg 768w, https:\/\/contraluzcucuta.co\/wp-content\/uploads\/2024\/06\/FERIAS-Y-FIESTAS-DE-CUCUTA-3.jpg 1024w\" sizes=\"auto, (max-width: 247px) 100vw, 247px\" \/><\/a><\/p>\n<p>Las Preferias permitir\u00e1n llevar cultura, entretenimiento y comercio por los barrios cucute\u00f1os. Los circuitos culturales y la feria infantil acercar\u00e1n la riqueza cultural a parques y espacios p\u00fablicos, y los reinados comunales ser\u00e1n la plataforma para elegir a la Se\u00f1orita C\u00facuta 2024-2025.<\/p>\n<p>\u201cLas Preferias nos fortalecer el tejido social y promover el talento local\u201d, dijo el secretario de Cultura y Turismo, Nadim Bayona.<\/p>\n<p>Las Ferias permitir\u00e1n observar el desfile de carros antiguos, la cabalgata y el desfile de comparsas y carrozas, que llenar\u00e1n de historia y tradici\u00f3n las calles. La lista de artistas promete llenar la Plaza de Banderas y el estadio General Santander de m\u00fasica y alegr\u00eda. Diego Daza, Jerry Rivera, Ivan Villaz\u00f3n, Yeison Jim\u00e9nez, Diveana, Jorge Celed\u00f3n y Ana del Castillo son algunos de los confirmados. Y un artista que est\u00e1 en el listado de los cinco mejores de Latinoam\u00e9rica.<\/p>\n<p>Olger L\u00f3pez, secretario de Desarrollo Econ\u00f3mico y Productivo de Norte de Santander, dijo que \u201clas ferias son la oportunidad para que microempresarios y emprendedores puedan visibilizar su oferta de servicios\u201d<\/p>\n<p>El alcalde Acevedo expres\u00f3 que \u201chemos trabajado con perseverancia para posicionar a C\u00facuta como ciudad destino, una apuesta que nos llena de orgullo y esperanza\u201d.<\/p>\n","protected":false},"excerpt":{"rendered":"<p>C\u00daCUTA.- En dos etapas se clasificaron las fiestas cucute\u00f1as, para este a\u00f1o. Preferias, del 5 de julio al 18 de agosto, y Ferias, del 19 al 24 de agosto. El objetivo trazado para este a\u00f1o es posicionar a la ciudad como el destino preferido por turistas nacionales e internacionales. Las Preferias permitir\u00e1n llevar cultura, entretenimiento &hellip;<\/p>\n","protected":false},"author":1,"featured_media":42448,"comment_status":"open","ping_status":"open","sticky":false,"template":"","format":"standard","meta":{"footnotes":""},"categories":[2625,4],"tags":[226,6442,6443],"class_list":["post-42447","post","type-post","status-publish","format-standard","has-post-thumbnail","hentry","category-alcaldia-de-cucuta","category-barra","tag-alcaldia-de-cucuta","tag-ferias-y-fiestas-de-cucuta","tag-fiestas-cucutenas"],"_links":{"self":[{"href":"https:\/\/contraluzcucuta.co\/index.php?rest_route=\/wp\/v2\/posts\/42447","targetHints":{"allow":["GET"]}}],"collection":[{"href":"https:\/\/contraluzcucuta.co\/index.php?rest_route=\/wp\/v2\/posts"}],"about":[{"href":"https:\/\/contraluzcucuta.co\/index.php?rest_route=\/wp\/v2\/types\/post"}],"author":[{"embeddable":true,"href":"https:\/\/contraluzcucuta.co\/index.php?rest_route=\/wp\/v2\/users\/1"}],"replies":[{"embeddable":true,"href":"https:\/\/contraluzcucuta.co\/index.php?rest_route=%2Fwp%2Fv2%2Fcomments&post=42447"}],"version-history":[{"count":1,"href":"https:\/\/contraluzcucuta.co\/index.php?rest_route=\/wp\/v2\/posts\/42447\/revisions"}],"predecessor-version":[{"id":42450,"href":"https:\/\/contraluzcucuta.co\/index.php?rest_route=\/wp\/v2\/posts\/42447\/revisions\/42450"}],"wp:featuredmedia":[{"embeddable":true,"href":"https:\/\/contraluzcucuta.co\/index.php?rest_route=\/wp\/v2\/media\/42448"}],"wp:attachment":[{"href":"https:\/\/contraluzcucuta.co\/index.php?rest_route=%2Fwp%2Fv2%2Fmedia&parent=42447"}],"wp:term":[{"taxonomy":"category","embeddable":true,"href":"https:\/\/contraluzcucuta.co\/index.php?rest_route=%2Fwp%2Fv2%2Fcategories&post=42447"},{"taxonomy":"post_tag","embeddable":true,"href":"https:\/\/contraluzcucuta.co\/index.php?rest_route=%2Fwp%2Fv2%2Ftags&post=42447"}],"curies":[{"name":"wp","href":"https:\/\/api.w.org\/{rel}","templated":true}]}}