{"id":42442,"date":"2024-06-23T17:05:12","date_gmt":"2024-06-23T22:05:12","guid":{"rendered":"https:\/\/contraluzcucuta.co\/?p=42442"},"modified":"2024-06-23T17:05:12","modified_gmt":"2024-06-23T22:05:12","slug":"inquietud-de-pro-cucuta-que-hacer-con-el-parqueadero-cucuta-300","status":"publish","type":"post","link":"https:\/\/contraluzcucuta.co\/?p=42442","title":{"rendered":"INQUIETUD DE PRO C\u00daCUTA. \u00bfQu\u00e9 hacer con el parqueadero C\u00facuta 300?"},"content":{"rendered":"<p style=\"padding-left: 40px; text-align: right;\"><strong><span style=\"color: #ff9900;\">C\u00daCUTA.- Al devolver la p\u00e1gina de la historia cucute\u00f1a, los habitantes de la ciudad se detienen en la d\u00e9cada de los 30, del siglo XX, y tropiezan con la f\u00e1brica de cerveza que funcion\u00f3 durante m\u00e1s de siete d\u00e9cadas en el barrio Latino. Ah\u00ed, los recuerdos pasan raudos hasta ubicar las im\u00e1genes en el comienzo de la nueva centuria.<\/span><\/strong><\/p>\n<p><a href=\"https:\/\/contraluzcucuta.co\/wp-content\/uploads\/2024\/06\/HUECO-BAVARIA-5.jpeg\"><img loading=\"lazy\" decoding=\"async\" class=\"alignnone  wp-image-42444 alignleft\" src=\"https:\/\/contraluzcucuta.co\/wp-content\/uploads\/2024\/06\/HUECO-BAVARIA-5-300x225.jpeg\" alt=\"\" width=\"249\" height=\"187\" srcset=\"https:\/\/contraluzcucuta.co\/wp-content\/uploads\/2024\/06\/HUECO-BAVARIA-5-300x225.jpeg 300w, https:\/\/contraluzcucuta.co\/wp-content\/uploads\/2024\/06\/HUECO-BAVARIA-5-600x450.jpeg 600w, https:\/\/contraluzcucuta.co\/wp-content\/uploads\/2024\/06\/HUECO-BAVARIA-5-1024x768.jpeg 1024w, https:\/\/contraluzcucuta.co\/wp-content\/uploads\/2024\/06\/HUECO-BAVARIA-5-768x576.jpeg 768w, https:\/\/contraluzcucuta.co\/wp-content\/uploads\/2024\/06\/HUECO-BAVARIA-5-1536x1152.jpeg 1536w, https:\/\/contraluzcucuta.co\/wp-content\/uploads\/2024\/06\/HUECO-BAVARIA-5.jpeg 1600w\" sizes=\"auto, (max-width: 249px) 100vw, 249px\" \/><\/a><\/p>\n<p>Justo en septiembre de 2001, los due\u00f1os de la firma decidieron que se llevar\u00edan de la ciudad la factor\u00eda. En un acto de desprendimiento y como indemnizaci\u00f3n a los acuciosos consumidores del producto espumoso donaron el terreno para que el municipio desarrollara una obra de envergadura y que se convirtiera en s\u00edmbolo de progreso.<\/p>\n<p>Lejos estaban de pensar los propietarios del ave de rapi\u00f1a que pasar\u00eda el tiempo y a cambio de un lugar digno de una gran capital de departamento, el terreno generar\u00eda problemas. Hasta unos avivados, por poco, se quedan con el lote. Y lleg\u00f3 la soluci\u00f3n. Ah\u00ed se construir\u00eda el Parque C\u00facuta 300, inaugurado en 2018. Llovieron las cr\u00edticas.<\/p>\n<p>Entre los componentes de la majestuosa plaza, que remplaz\u00f3 al \u2018Hueco Bavaria\u2019, se proyect\u00f3 el parqueadero para 300 veh\u00edculos y 100 motocicletas. As\u00ed naci\u00f3 un nuevo problema para los residentes en el sector, porque ese plan no prosper\u00f3. Hoy, solo algunos privilegiados guardan el carro en el estacionamiento.<\/p>\n<p>Ante la indolencia oficial con la que se ha tratado al lugar y el desaprovechamiento del espacio, la Corporaci\u00f3n para el Desarrollo Integral de C\u00facuta (Pro C\u00facuta), agrupaci\u00f3n c\u00edvica sin \u00e1nimo de lucro, escribi\u00f3 una carta a la direcci\u00f3n de Planeaci\u00f3n Municipal en la que expone una serie de ideas, para escoger una, y desarrollarla en ese sitio.<\/p>\n<p><a href=\"https:\/\/contraluzcucuta.co\/wp-content\/uploads\/2024\/06\/HUECO-BAVARIA-3.jpeg\"><img loading=\"lazy\" decoding=\"async\" class=\"alignnone  wp-image-42445 alignleft\" src=\"https:\/\/contraluzcucuta.co\/wp-content\/uploads\/2024\/06\/HUECO-BAVARIA-3-300x225.jpeg\" alt=\"\" width=\"245\" height=\"184\" srcset=\"https:\/\/contraluzcucuta.co\/wp-content\/uploads\/2024\/06\/HUECO-BAVARIA-3-300x225.jpeg 300w, https:\/\/contraluzcucuta.co\/wp-content\/uploads\/2024\/06\/HUECO-BAVARIA-3-600x450.jpeg 600w, https:\/\/contraluzcucuta.co\/wp-content\/uploads\/2024\/06\/HUECO-BAVARIA-3-1024x768.jpeg 1024w, https:\/\/contraluzcucuta.co\/wp-content\/uploads\/2024\/06\/HUECO-BAVARIA-3-768x576.jpeg 768w, https:\/\/contraluzcucuta.co\/wp-content\/uploads\/2024\/06\/HUECO-BAVARIA-3-1536x1152.jpeg 1536w, https:\/\/contraluzcucuta.co\/wp-content\/uploads\/2024\/06\/HUECO-BAVARIA-3.jpeg 1600w\" sizes=\"auto, (max-width: 245px) 100vw, 245px\" \/><\/a><\/p>\n<p>El edificio Ixora, de 14 pisos, hotel internacional, oficinas de la Gobernaci\u00f3n, la Alcald\u00eda y de entidades nacionales y empresas privadas, nunca se construy\u00f3 ni se llev\u00f3 a cabo la \u2018revolucionaria transformaci\u00f3n urban\u00edstica\u2019.<\/p>\n<p>A instancias de Pro C\u00facuta se propone:<\/p>\n<ul>\n<li>Utilizar el parqueadero, administrado por una organizaci\u00f3n de mujeres.<\/li>\n<li>Que funcione el parqueadero y se construya en la parte superior un centro para comercializar artesan\u00edas, libros, moda, expresiones culturales y degustar caf\u00e9 y chocolate.<\/li>\n<li>Dise\u00f1ar un centro de experiencias, aplicando las nuevas normas de arquitectura amigable con el medio ambiente, para convertirlo en sitio \u00fanico y diferente.<\/li>\n<li>Que ese parqueadero se convierta en centro gastron\u00f3mico de platos t\u00edpicos y artesan\u00edas de Norte de Santander.<\/li>\n<li>Hacer una piscina de olas artificiales<\/li>\n<li>Plantar \u00e1rboles gigantes y volver ese parqueadero en pulm\u00f3n verde<\/li>\n<li>Construir la c\u00e1rcel de delitos menores<\/li>\n<li>Construir canchas de f\u00fatbol y basquetbol para intercambios deportivos<\/li>\n<li>Que se ponga un aviso gigante con la leyenda: SE VENDE, para analizar el inter\u00e9s de los inversionistas inmobiliarios.<\/li>\n<\/ul>\n<p>Pro C\u00facuta solicit\u00f3 al director de Planeaci\u00f3n, Juan Carlos Bocanegra, que responda \u201crespecto al destino que pudiera tener este inmueble para que cumpla alguna funci\u00f3n que beneficie a los ciudadanos y que se convierta en sitio generador de desarrollo urban\u00edstico, empleo y seguridad\u201d.<\/p>\n","protected":false},"excerpt":{"rendered":"<p>C\u00daCUTA.- Al devolver la p\u00e1gina de la historia cucute\u00f1a, los habitantes de la ciudad se detienen en la d\u00e9cada de los 30, del siglo XX, y tropiezan con la f\u00e1brica de cerveza que funcion\u00f3 durante m\u00e1s de siete d\u00e9cadas en el barrio Latino. Ah\u00ed, los recuerdos pasan raudos hasta ubicar las im\u00e1genes en el comienzo &hellip;<\/p>\n","protected":false},"author":1,"featured_media":42443,"comment_status":"open","ping_status":"open","sticky":false,"template":"","format":"standard","meta":{"footnotes":""},"categories":[45,4],"tags":[466,6441,6099],"class_list":["post-42442","post","type-post","status-publish","format-standard","has-post-thumbnail","hentry","category-destacado","category-barra","tag-hueco-bavaria","tag-parqueadero-cucuta-300","tag-pro-cucuta"],"_links":{"self":[{"href":"https:\/\/contraluzcucuta.co\/index.php?rest_route=\/wp\/v2\/posts\/42442","targetHints":{"allow":["GET"]}}],"collection":[{"href":"https:\/\/contraluzcucuta.co\/index.php?rest_route=\/wp\/v2\/posts"}],"about":[{"href":"https:\/\/contraluzcucuta.co\/index.php?rest_route=\/wp\/v2\/types\/post"}],"author":[{"embeddable":true,"href":"https:\/\/contraluzcucuta.co\/index.php?rest_route=\/wp\/v2\/users\/1"}],"replies":[{"embeddable":true,"href":"https:\/\/contraluzcucuta.co\/index.php?rest_route=%2Fwp%2Fv2%2Fcomments&post=42442"}],"version-history":[{"count":1,"href":"https:\/\/contraluzcucuta.co\/index.php?rest_route=\/wp\/v2\/posts\/42442\/revisions"}],"predecessor-version":[{"id":42446,"href":"https:\/\/contraluzcucuta.co\/index.php?rest_route=\/wp\/v2\/posts\/42442\/revisions\/42446"}],"wp:featuredmedia":[{"embeddable":true,"href":"https:\/\/contraluzcucuta.co\/index.php?rest_route=\/wp\/v2\/media\/42443"}],"wp:attachment":[{"href":"https:\/\/contraluzcucuta.co\/index.php?rest_route=%2Fwp%2Fv2%2Fmedia&parent=42442"}],"wp:term":[{"taxonomy":"category","embeddable":true,"href":"https:\/\/contraluzcucuta.co\/index.php?rest_route=%2Fwp%2Fv2%2Fcategories&post=42442"},{"taxonomy":"post_tag","embeddable":true,"href":"https:\/\/contraluzcucuta.co\/index.php?rest_route=%2Fwp%2Fv2%2Ftags&post=42442"}],"curies":[{"name":"wp","href":"https:\/\/api.w.org\/{rel}","templated":true}]}}