{"id":42431,"date":"2024-06-21T04:27:49","date_gmt":"2024-06-21T09:27:49","guid":{"rendered":"https:\/\/contraluzcucuta.co\/?p=42431"},"modified":"2024-06-21T04:27:49","modified_gmt":"2024-06-21T09:27:49","slug":"consejo-de-seguridad-acuerdos-para-mejorar-la-seguridad-de-ocana-y-el-sur-del-cesar","status":"publish","type":"post","link":"https:\/\/contraluzcucuta.co\/?p=42431","title":{"rendered":"CONSEJO DE SEGURIDAD. Acuerdos para mejorar la seguridad de Oca\u00f1a y el sur del Cesar"},"content":{"rendered":"<p style=\"padding-left: 40px; text-align: right;\"><strong><span style=\"color: #ff9900;\">C\u00daCUTA.- Los participantes en el Consejo de Seguridad Regional en Oca\u00f1a llegaron a acuerdos dirigidos a fortalecer los servicios de justicia y los procesos administrativos. El objetivo es mejorar la situaci\u00f3n de seguridad y garantizar la protecci\u00f3n de los habitantes de Oca\u00f1a y sur del Cesar<\/span><\/strong><\/p>\n<p><a href=\"https:\/\/contraluzcucuta.co\/wp-content\/uploads\/2024\/06\/OCANA-CONSEJO-DE-SEGURIDAD-2.jpg\"><img loading=\"lazy\" decoding=\"async\" class=\"alignnone  wp-image-42433 alignleft\" src=\"https:\/\/contraluzcucuta.co\/wp-content\/uploads\/2024\/06\/OCANA-CONSEJO-DE-SEGURIDAD-2-300x225.jpg\" alt=\"\" width=\"244\" height=\"183\" srcset=\"https:\/\/contraluzcucuta.co\/wp-content\/uploads\/2024\/06\/OCANA-CONSEJO-DE-SEGURIDAD-2-300x225.jpg 300w, https:\/\/contraluzcucuta.co\/wp-content\/uploads\/2024\/06\/OCANA-CONSEJO-DE-SEGURIDAD-2-600x450.jpg 600w, https:\/\/contraluzcucuta.co\/wp-content\/uploads\/2024\/06\/OCANA-CONSEJO-DE-SEGURIDAD-2-1024x768.jpg 1024w, https:\/\/contraluzcucuta.co\/wp-content\/uploads\/2024\/06\/OCANA-CONSEJO-DE-SEGURIDAD-2-768x576.jpg 768w, https:\/\/contraluzcucuta.co\/wp-content\/uploads\/2024\/06\/OCANA-CONSEJO-DE-SEGURIDAD-2-1536x1152.jpg 1536w, https:\/\/contraluzcucuta.co\/wp-content\/uploads\/2024\/06\/OCANA-CONSEJO-DE-SEGURIDAD-2.jpg 1600w\" sizes=\"auto, (max-width: 244px) 100vw, 244px\" \/><\/a><\/p>\n<p>Llegaron a las conclusiones luego de revisar compromisos adquiridos para atender los problemas que a diario amenazan el orden p\u00fablico en Norte de Santander y Cesar. El encuentro permiti\u00f3 proyectar metas para la regi\u00f3n.<\/p>\n<p>En el an\u00e1lisis de los problemas que ocurren en esas jurisdicciones participaron el Ej\u00e9rcito, la Polic\u00eda, la Fiscal\u00eda y la Procuradur\u00eda. \u201cBuscamos alternativas para mejorar la din\u00e1mica de seguridad en estos dos departamentos\u201d, dijo el secretario de Seguridad Ciudadana de Norte de Santander, George Quintero.<\/p>\n<p>El encuentro, tambi\u00e9n, cont\u00f3 con la presencia de los alcaldes de Oca\u00f1a, Emiro Ca\u00f1izares, y de R\u00edo de Oro, C\u00e9sar Arnoldo Osorio, y los secretarios de Gobierno de El Carmen, Hacar\u00ed y La Playa de Bel\u00e9n.<\/p>\n","protected":false},"excerpt":{"rendered":"<p>C\u00daCUTA.- Los participantes en el Consejo de Seguridad Regional en Oca\u00f1a llegaron a acuerdos dirigidos a fortalecer los servicios de justicia y los procesos administrativos. El objetivo es mejorar la situaci\u00f3n de seguridad y garantizar la protecci\u00f3n de los habitantes de Oca\u00f1a y sur del Cesar Llegaron a las conclusiones luego de revisar compromisos adquiridos &hellip;<\/p>\n","protected":false},"author":1,"featured_media":42432,"comment_status":"open","ping_status":"open","sticky":false,"template":"","format":"standard","meta":{"footnotes":""},"categories":[45,4],"tags":[6438,3564,6439,97,2721],"class_list":["post-42431","post","type-post","status-publish","format-standard","has-post-thumbnail","hentry","category-destacado","category-barra","tag-consejo-de-seguridad-regional","tag-ejercito","tag-fiscalia","tag-policia","tag-procuraduria-regional"],"_links":{"self":[{"href":"https:\/\/contraluzcucuta.co\/index.php?rest_route=\/wp\/v2\/posts\/42431","targetHints":{"allow":["GET"]}}],"collection":[{"href":"https:\/\/contraluzcucuta.co\/index.php?rest_route=\/wp\/v2\/posts"}],"about":[{"href":"https:\/\/contraluzcucuta.co\/index.php?rest_route=\/wp\/v2\/types\/post"}],"author":[{"embeddable":true,"href":"https:\/\/contraluzcucuta.co\/index.php?rest_route=\/wp\/v2\/users\/1"}],"replies":[{"embeddable":true,"href":"https:\/\/contraluzcucuta.co\/index.php?rest_route=%2Fwp%2Fv2%2Fcomments&post=42431"}],"version-history":[{"count":1,"href":"https:\/\/contraluzcucuta.co\/index.php?rest_route=\/wp\/v2\/posts\/42431\/revisions"}],"predecessor-version":[{"id":42434,"href":"https:\/\/contraluzcucuta.co\/index.php?rest_route=\/wp\/v2\/posts\/42431\/revisions\/42434"}],"wp:featuredmedia":[{"embeddable":true,"href":"https:\/\/contraluzcucuta.co\/index.php?rest_route=\/wp\/v2\/media\/42432"}],"wp:attachment":[{"href":"https:\/\/contraluzcucuta.co\/index.php?rest_route=%2Fwp%2Fv2%2Fmedia&parent=42431"}],"wp:term":[{"taxonomy":"category","embeddable":true,"href":"https:\/\/contraluzcucuta.co\/index.php?rest_route=%2Fwp%2Fv2%2Fcategories&post=42431"},{"taxonomy":"post_tag","embeddable":true,"href":"https:\/\/contraluzcucuta.co\/index.php?rest_route=%2Fwp%2Fv2%2Ftags&post=42431"}],"curies":[{"name":"wp","href":"https:\/\/api.w.org\/{rel}","templated":true}]}}