{"id":42409,"date":"2024-06-21T03:43:36","date_gmt":"2024-06-21T08:43:36","guid":{"rendered":"https:\/\/contraluzcucuta.co\/?p=42409"},"modified":"2024-06-21T03:52:39","modified_gmt":"2024-06-21T08:52:39","slug":"conversaciones-de-entre-casa-esto-plata-no-da-francia-giraldo","status":"publish","type":"post","link":"https:\/\/contraluzcucuta.co\/?p=42409","title":{"rendered":"CONVERSACIONES DE ENTRE CASA. Esto, plata no da, Francia Giraldo"},"content":{"rendered":"<p style=\"padding-left: 40px; text-align: right;\"><strong><span style=\"color: #ff9900;\">C\u00daCUTA.- Arriba, en aquel cerro\u2026 hay un asentamiento humano, al que se llega por el anillo vial occidental, la mayor\u00eda de las casas son de madera y casi todos los habitantes provienen de Venezuela o de El Catatumbo. All\u00e1, en una de esas r\u00fasticas viviendas, vive una mujer dedicada a la cultura. Especialmente, dirige su trabajo a la poblaci\u00f3n infantil.<\/span><\/strong><\/p>\n<p><a href=\"https:\/\/contraluzcucuta.co\/wp-content\/uploads\/2024\/06\/FRANCIA-GIRALDO-6.jpeg\"><img loading=\"lazy\" decoding=\"async\" class=\"alignnone wp-image-42411 alignleft\" src=\"https:\/\/contraluzcucuta.co\/wp-content\/uploads\/2024\/06\/FRANCIA-GIRALDO-6-300x225.jpeg\" alt=\"\" width=\"252\" height=\"189\" srcset=\"https:\/\/contraluzcucuta.co\/wp-content\/uploads\/2024\/06\/FRANCIA-GIRALDO-6-300x225.jpeg 300w, https:\/\/contraluzcucuta.co\/wp-content\/uploads\/2024\/06\/FRANCIA-GIRALDO-6-600x450.jpeg 600w, https:\/\/contraluzcucuta.co\/wp-content\/uploads\/2024\/06\/FRANCIA-GIRALDO-6-1024x768.jpeg 1024w, https:\/\/contraluzcucuta.co\/wp-content\/uploads\/2024\/06\/FRANCIA-GIRALDO-6-768x576.jpeg 768w, https:\/\/contraluzcucuta.co\/wp-content\/uploads\/2024\/06\/FRANCIA-GIRALDO-6-1536x1152.jpeg 1536w, https:\/\/contraluzcucuta.co\/wp-content\/uploads\/2024\/06\/FRANCIA-GIRALDO-6.jpeg 1600w\" sizes=\"auto, (max-width: 252px) 100vw, 252px\" \/><\/a><\/p>\n<p>Tiene nombre de Vicepresidenta, pero dice que es artista callejera; es valluna, radicada en C\u00facuta hace m\u00e1s de una d\u00e9cada; aunque pudo estudiar cualquier carrera en su natal Cali, se decidi\u00f3 por este oficio que no le da plata; arrastra una lesi\u00f3n en la pierna derecha, sin embargo, el dolor no le impide continuar con el trabajo.<\/p>\n<p>Francia Giraldo vive en el asentamiento Alfonso G\u00f3mez, al que lleg\u00f3 10 a\u00f1os atr\u00e1s. Se estableci\u00f3 y de inmediato pens\u00f3 en c\u00f3mo desarrollar esa vocaci\u00f3n cultural que descubri\u00f3 en la infancia. Ahora, es la representante de la ONG Teatro Bambalina Colorada. Es profesora con especialidad en t\u00edteres.<\/p>\n<ul>\n<li><em>El trabajo es reconfortante. El arte es el \u00fanico que hace que la persona cambie. Sal\u00ed del Instituto Universitario de Bella Artes, en Cali, en 1979.<\/em><\/li>\n<\/ul>\n<p>A pesar de que el arte le ha causado problemas personales y familiares, no se atrevi\u00f3 a buscar otra ocupaci\u00f3n. En la casa, en la capital vallecaucana, los padres la echaron cuando supieron que estudiaba artes. Tampoco tuvo vida sentimental estable y duradera. \u00a0El trabajo no la dej\u00f3 hacer vida de pareja.<\/p>\n<p><a href=\"https:\/\/contraluzcucuta.co\/wp-content\/uploads\/2024\/06\/FRANCIA-GIRALDO-5.jpeg\"><img loading=\"lazy\" decoding=\"async\" class=\"alignnone wp-image-42412 alignleft\" src=\"https:\/\/contraluzcucuta.co\/wp-content\/uploads\/2024\/06\/FRANCIA-GIRALDO-5-300x225.jpeg\" alt=\"\" width=\"248\" height=\"186\" srcset=\"https:\/\/contraluzcucuta.co\/wp-content\/uploads\/2024\/06\/FRANCIA-GIRALDO-5-300x225.jpeg 300w, https:\/\/contraluzcucuta.co\/wp-content\/uploads\/2024\/06\/FRANCIA-GIRALDO-5-600x450.jpeg 600w, https:\/\/contraluzcucuta.co\/wp-content\/uploads\/2024\/06\/FRANCIA-GIRALDO-5-1024x768.jpeg 1024w, https:\/\/contraluzcucuta.co\/wp-content\/uploads\/2024\/06\/FRANCIA-GIRALDO-5-768x576.jpeg 768w, https:\/\/contraluzcucuta.co\/wp-content\/uploads\/2024\/06\/FRANCIA-GIRALDO-5-1536x1152.jpeg 1536w, https:\/\/contraluzcucuta.co\/wp-content\/uploads\/2024\/06\/FRANCIA-GIRALDO-5.jpeg 1600w\" sizes=\"auto, (max-width: 248px) 100vw, 248px\" \/><\/a><\/p>\n<p>Es consciente de que ninguna relaci\u00f3n estable tolera estos compromisos que requieren la atenci\u00f3n diaria y sin descanso. Solo tuvo un hijo y muri\u00f3 hace 15 a\u00f1os. La vida, a manera de consuelo, le dej\u00f3 la nieta. La ni\u00f1a ten\u00eda 3 a\u00f1os cuando se unieron, hasta hoy.<\/p>\n<p>A la capital de Norte de Santander lleg\u00f3, porque ten\u00eda planeado viajar a Europa. El puente ser\u00eda Venezuela. La detuvieron dos situaciones fundamentales, la presencia de la nieta y la carencia de documentos para completar el suelo de llegar al Viejo Continente. La meta estaba puesta en Alemania.<\/p>\n<p>La v\u00eda para llegar al teatro es empinada y destapada. Hasta cierto punto puede ingresar veh\u00edculo, de ah\u00ed para adelante se dificulta el trayecto. Las canales naturales y las piedras impiden la circulaci\u00f3n. Las calles est\u00e1n trazadas y como en cualquier barrio, hay negocios de diversa \u00edndole. En el horizonte se atisba el monumento a Cristo Nazareno.<\/p>\n<ul>\n<li><em>Los t\u00edteres llegan m\u00e1s a los ni\u00f1os. Considero que la poblaci\u00f3n a la que hay que educar y en la que hay que sembrar valores es a la ni\u00f1ez.<\/em><\/li>\n<\/ul>\n<p><a href=\"https:\/\/contraluzcucuta.co\/wp-content\/uploads\/2024\/06\/FRANCIA-GIRALDO-7A.jpg\"><img loading=\"lazy\" decoding=\"async\" class=\" wp-image-42413\" src=\"https:\/\/contraluzcucuta.co\/wp-content\/uploads\/2024\/06\/FRANCIA-GIRALDO-7A-300x284.jpg\" alt=\"\" width=\"244\" height=\"231\" srcset=\"https:\/\/contraluzcucuta.co\/wp-content\/uploads\/2024\/06\/FRANCIA-GIRALDO-7A-300x284.jpg 300w, https:\/\/contraluzcucuta.co\/wp-content\/uploads\/2024\/06\/FRANCIA-GIRALDO-7A-600x569.jpg 600w, https:\/\/contraluzcucuta.co\/wp-content\/uploads\/2024\/06\/FRANCIA-GIRALDO-7A-768x728.jpg 768w, https:\/\/contraluzcucuta.co\/wp-content\/uploads\/2024\/06\/FRANCIA-GIRALDO-7A.jpg 786w\" sizes=\"auto, (max-width: 244px) 100vw, 244px\" \/><\/a><\/p>\n<p>Para los adultos tambi\u00e9n hay dedicaci\u00f3n. Las madres cabeza de familia participan en el montaje de la obra de teatro La realidad de Eva. Versa sobre la violencia intrafamiliar. La falta de recursos econ\u00f3micos provoc\u00f3 el descanso obligado. El objetivo es tenerla lista en diciembre, llevarla a la Torre del Reloj, proyectarla en el pa\u00eds y sacarla al exterior. Solo esperan apoyo oficial para cumplir este prop\u00f3sito.<\/p>\n<p>En la producci\u00f3n del libreto participaron cinco mujeres, que hacen parte de la Asociaci\u00f3n Bambalina Colorada. Las interesadas participaron en las pruebas y clasificaron las que mostraron mayores habilidades para la actuaci\u00f3n y quienes daban el perfil para la obra.<\/p>\n<ul>\n<li><em>Ellas no tienen nada que ver con teatro, no saben nada de eso. No tienen conocimiento y les di la orientaci\u00f3n y ah\u00ed estamos. Pero tuvimos que suspender.<\/em><\/li>\n<\/ul>\n<p>Un cuento bueno que narra es el relacionado con la dotaci\u00f3n del teatro. Cortinas, teatrino, luces, sillas y otros elementos los aport\u00f3 la Alcald\u00eda, luego de comprobar que la labor de la corporaci\u00f3n es cierta. Los materiales tienen duraci\u00f3n de 5 a\u00f1os. En el 2024, no han contado con suerte y la Secretar\u00eda de Cultura no les ha aprobado los proyectos presentados.<\/p>\n<p>La comunidad a la que pertenece el teatro bien puede clasificarse en el estrato uno, con tendencia a la baja. Para ayudar en el sostenimiento de la casa, Francia consigue ropa de segunda y la vende entre los vecinos. El valor de la prenda var\u00eda entre $ 1000 y $ 5000.As\u00ed ingresan algunos pesos que le aligeran la carga econ\u00f3mica.<\/p>\n<p><a href=\"https:\/\/contraluzcucuta.co\/wp-content\/uploads\/2024\/06\/FRANCIA-GIRALDO-10.jpeg\"><img loading=\"lazy\" decoding=\"async\" class=\"alignnone wp-image-42414 alignleft\" src=\"https:\/\/contraluzcucuta.co\/wp-content\/uploads\/2024\/06\/FRANCIA-GIRALDO-10-300x225.jpeg\" alt=\"\" width=\"248\" height=\"186\" srcset=\"https:\/\/contraluzcucuta.co\/wp-content\/uploads\/2024\/06\/FRANCIA-GIRALDO-10-300x225.jpeg 300w, https:\/\/contraluzcucuta.co\/wp-content\/uploads\/2024\/06\/FRANCIA-GIRALDO-10-600x450.jpeg 600w, https:\/\/contraluzcucuta.co\/wp-content\/uploads\/2024\/06\/FRANCIA-GIRALDO-10-1024x768.jpeg 1024w, https:\/\/contraluzcucuta.co\/wp-content\/uploads\/2024\/06\/FRANCIA-GIRALDO-10-768x576.jpeg 768w, https:\/\/contraluzcucuta.co\/wp-content\/uploads\/2024\/06\/FRANCIA-GIRALDO-10-1536x1152.jpeg 1536w, https:\/\/contraluzcucuta.co\/wp-content\/uploads\/2024\/06\/FRANCIA-GIRALDO-10.jpeg 1600w\" sizes=\"auto, (max-width: 248px) 100vw, 248px\" \/><\/a><\/p>\n<p>El proceso cubre a 120 ni\u00f1os en jornadas matinales y vespertinas. No reciben ni\u00f1os de brazos, sino de 5 a\u00f1os en adelante. Los que estudian en la ma\u00f1ana acuden en la tarde y viceversa.<\/p>\n<ul>\n<li><em>Aqu\u00ed no se le pide un c\u00e9ntimo a nadie. Aqu\u00ed, no se pide nada, por eso es una ONG. Nos las ingeniamos para traer siempre refrigerio.<\/em><\/li>\n<\/ul>\n<p>Tambi\u00e9n, piensa en el futuro. Est\u00e1 segura de que cuando d\u00e9 un paso al costado alguien debe tomar las riendas y continuar el trabajo, con abnegaci\u00f3n y desinter\u00e9s personal, que no deje comprar ni se venda. Y se preocupa por el legado que pueda dejar.<\/p>\n<p>Un motivo de orgullo es la ayuda que dio en su momento a Francisco, joven que particip\u00f3 en el programa de televisi\u00f3n Desaf\u00edo 2020. De las calles surgi\u00f3 y en la corporaci\u00f3n hizo un trabajo que lo llev\u00f3 a superar esa etapa de la vida. En el 2011, comenz\u00f3 con los Salesianos, luego empez\u00f3 a recorrer los asentamientos y rescat\u00f3 chicos con problemas.<\/p>\n<ul>\n<li><em>De las escuelas de formaci\u00f3n sale el legado. De aqu\u00ed van a salir varios, porque son buenos.<\/em><\/li>\n<\/ul>\n<p><strong>RAFAEL ANTONIO PAB\u00d3N<\/strong><\/p>\n<p><strong><a href=\"mailto:rafaelpabon58@hotmail.com\">rafaelpabon58@hotmail.com<\/a><\/strong><\/p>\n","protected":false},"excerpt":{"rendered":"<p>C\u00daCUTA.- Arriba, en aquel cerro\u2026 hay un asentamiento humano, al que se llega por el anillo vial occidental, la mayor\u00eda de las casas son de madera y casi todos los habitantes provienen de Venezuela o de El Catatumbo. All\u00e1, en una de esas r\u00fasticas viviendas, vive una mujer dedicada a la cultura. Especialmente, dirige su &hellip;<\/p>\n","protected":false},"author":1,"featured_media":42418,"comment_status":"open","ping_status":"open","sticky":false,"template":"","format":"standard","meta":{"footnotes":""},"categories":[5970,45,4],"tags":[5935,6435,6433,6434],"class_list":["post-42409","post","type-post","status-publish","format-standard","has-post-thumbnail","hentry","category-conversaciones-de-entre-casa","category-destacado","category-barra","tag-conversaciones-de-entre-casa","tag-francia-giraldo","tag-ong-teatro-bambalina-colorada","tag-titeres-en-cucuta"],"_links":{"self":[{"href":"https:\/\/contraluzcucuta.co\/index.php?rest_route=\/wp\/v2\/posts\/42409","targetHints":{"allow":["GET"]}}],"collection":[{"href":"https:\/\/contraluzcucuta.co\/index.php?rest_route=\/wp\/v2\/posts"}],"about":[{"href":"https:\/\/contraluzcucuta.co\/index.php?rest_route=\/wp\/v2\/types\/post"}],"author":[{"embeddable":true,"href":"https:\/\/contraluzcucuta.co\/index.php?rest_route=\/wp\/v2\/users\/1"}],"replies":[{"embeddable":true,"href":"https:\/\/contraluzcucuta.co\/index.php?rest_route=%2Fwp%2Fv2%2Fcomments&post=42409"}],"version-history":[{"count":4,"href":"https:\/\/contraluzcucuta.co\/index.php?rest_route=\/wp\/v2\/posts\/42409\/revisions"}],"predecessor-version":[{"id":42419,"href":"https:\/\/contraluzcucuta.co\/index.php?rest_route=\/wp\/v2\/posts\/42409\/revisions\/42419"}],"wp:featuredmedia":[{"embeddable":true,"href":"https:\/\/contraluzcucuta.co\/index.php?rest_route=\/wp\/v2\/media\/42418"}],"wp:attachment":[{"href":"https:\/\/contraluzcucuta.co\/index.php?rest_route=%2Fwp%2Fv2%2Fmedia&parent=42409"}],"wp:term":[{"taxonomy":"category","embeddable":true,"href":"https:\/\/contraluzcucuta.co\/index.php?rest_route=%2Fwp%2Fv2%2Fcategories&post=42409"},{"taxonomy":"post_tag","embeddable":true,"href":"https:\/\/contraluzcucuta.co\/index.php?rest_route=%2Fwp%2Fv2%2Ftags&post=42409"}],"curies":[{"name":"wp","href":"https:\/\/api.w.org\/{rel}","templated":true}]}}