{"id":42405,"date":"2024-06-19T05:59:42","date_gmt":"2024-06-19T10:59:42","guid":{"rendered":"https:\/\/contraluzcucuta.co\/?p=42405"},"modified":"2024-06-19T05:59:42","modified_gmt":"2024-06-19T10:59:42","slug":"sombrero-de-carlos-pizarro-patrimonio-cultural-de-la-nacion","status":"publish","type":"post","link":"https:\/\/contraluzcucuta.co\/?p=42405","title":{"rendered":"SOMBRERO DE CARLOS PIZARRO. Patrimonio Cultural de la Naci\u00f3n"},"content":{"rendered":"<p style=\"padding-left: 40px; text-align: right;\"><strong><span style=\"color: #ff9900;\">BOGOT\u00c1.- El Ministerio de las Culturas, las Artes y los Saberes, por medio de la Resoluci\u00f3n 218 del 17 de junio de 2024, reconoci\u00f3 el ic\u00f3nico sombrero del comandante m\u00e1ximo del M-19, Carlos Pizarro Leong\u00f3mez, como Patrimonio Cultural de la Naci\u00f3n. El fin es contribuir a la construcci\u00f3n de la paz en el pa\u00eds.<\/span><\/strong><\/p>\n<p><a href=\"https:\/\/contraluzcucuta.co\/wp-content\/uploads\/2024\/06\/SOMBRERO-1.jpg\"><img loading=\"lazy\" decoding=\"async\" class=\"alignnone  wp-image-42407 alignleft\" src=\"https:\/\/contraluzcucuta.co\/wp-content\/uploads\/2024\/06\/SOMBRERO-1-300x200.jpg\" alt=\"\" width=\"248\" height=\"165\" srcset=\"https:\/\/contraluzcucuta.co\/wp-content\/uploads\/2024\/06\/SOMBRERO-1-300x200.jpg 300w, https:\/\/contraluzcucuta.co\/wp-content\/uploads\/2024\/06\/SOMBRERO-1-600x400.jpg 600w, https:\/\/contraluzcucuta.co\/wp-content\/uploads\/2024\/06\/SOMBRERO-1-768x512.jpg 768w, https:\/\/contraluzcucuta.co\/wp-content\/uploads\/2024\/06\/SOMBRERO-1-310x205.jpg 310w, https:\/\/contraluzcucuta.co\/wp-content\/uploads\/2024\/06\/SOMBRERO-1.jpg 799w\" sizes=\"auto, (max-width: 248px) 100vw, 248px\" \/><\/a><\/p>\n<p>\u201cEl sombrero de Carlos Pizarro hace parte del patrimonio cultural de la Naci\u00f3n, por su representaci\u00f3n de paz para Colombia\u201d, dice la parte considerativa del documento.<\/p>\n<p>El acto de develaci\u00f3n del sombrero tuvo lugar, este martes, en el Sal\u00f3n del Consejo de Ministros, en la Casa de Nari\u00f1o, con la presencia del presidente Gustavo Petro Urrego.<\/p>\n<p>En la reciente visita oficial a Estocolmo (Suecia), el presidente Petro recibi\u00f3 el sombrero de manos de los &#8216;Oficiales de Bol\u00edvar&#8217;, grupo de exiliados del M-19 radicados en ese pa\u00eds, que lo tuvieron custodiado durante d\u00e9cadas en una caja fuerte en la pen\u00ednsula Escandinava, en el norte de Europa.<\/p>\n<p>El sombrero hace parte de los elementos representativos del Pacto de la firma del proceso de paz del M-19, el 8 de marzo de 1990, en Caloto (Cauca).<\/p>\n<p>La pieza hist\u00f3rica permanecer\u00e1 en una urna, que ser\u00e1 expuesta en espacios significativos de la Casa de Nari\u00f1o.<\/p>\n<p>La directora del Museo Nacional de Colombia, Liliana \u00c1ngulo Cort\u00e9s, explic\u00f3 que un equipo especializado hizo el \u201cmontaje museogr\u00e1fico del sombrero de Carlos Pizarro&#8217; con los insumos y equipos necesarios para su preservaci\u00f3n en la historia.<\/p>\n<p>El sombrero tiene 35,5 cent\u00edmetros de largo, 30 cent\u00edmetros de ancho y 8,5 cent\u00edmetros de alto. Est\u00e1 tejido en fibras naturales y sint\u00e9ticas con soporte interno, tafilete en cuero caf\u00e9. Es beige con una cinta exterior, negra.<\/p>\n","protected":false},"excerpt":{"rendered":"<p>BOGOT\u00c1.- El Ministerio de las Culturas, las Artes y los Saberes, por medio de la Resoluci\u00f3n 218 del 17 de junio de 2024, reconoci\u00f3 el ic\u00f3nico sombrero del comandante m\u00e1ximo del M-19, Carlos Pizarro Leong\u00f3mez, como Patrimonio Cultural de la Naci\u00f3n. El fin es contribuir a la construcci\u00f3n de la paz en el pa\u00eds. \u201cEl &hellip;<\/p>\n","protected":false},"author":1,"featured_media":42406,"comment_status":"open","ping_status":"open","sticky":false,"template":"","format":"standard","meta":{"footnotes":""},"categories":[4,37],"tags":[6431,2577,6432],"class_list":["post-42405","post","type-post","status-publish","format-standard","has-post-thumbnail","hentry","category-barra","category-paseo-cultural","tag-el-ministerio-de-las-culturas","tag-patrimonio-cultural","tag-sombrero-de-carlos-pizarro"],"_links":{"self":[{"href":"https:\/\/contraluzcucuta.co\/index.php?rest_route=\/wp\/v2\/posts\/42405","targetHints":{"allow":["GET"]}}],"collection":[{"href":"https:\/\/contraluzcucuta.co\/index.php?rest_route=\/wp\/v2\/posts"}],"about":[{"href":"https:\/\/contraluzcucuta.co\/index.php?rest_route=\/wp\/v2\/types\/post"}],"author":[{"embeddable":true,"href":"https:\/\/contraluzcucuta.co\/index.php?rest_route=\/wp\/v2\/users\/1"}],"replies":[{"embeddable":true,"href":"https:\/\/contraluzcucuta.co\/index.php?rest_route=%2Fwp%2Fv2%2Fcomments&post=42405"}],"version-history":[{"count":1,"href":"https:\/\/contraluzcucuta.co\/index.php?rest_route=\/wp\/v2\/posts\/42405\/revisions"}],"predecessor-version":[{"id":42408,"href":"https:\/\/contraluzcucuta.co\/index.php?rest_route=\/wp\/v2\/posts\/42405\/revisions\/42408"}],"wp:featuredmedia":[{"embeddable":true,"href":"https:\/\/contraluzcucuta.co\/index.php?rest_route=\/wp\/v2\/media\/42406"}],"wp:attachment":[{"href":"https:\/\/contraluzcucuta.co\/index.php?rest_route=%2Fwp%2Fv2%2Fmedia&parent=42405"}],"wp:term":[{"taxonomy":"category","embeddable":true,"href":"https:\/\/contraluzcucuta.co\/index.php?rest_route=%2Fwp%2Fv2%2Fcategories&post=42405"},{"taxonomy":"post_tag","embeddable":true,"href":"https:\/\/contraluzcucuta.co\/index.php?rest_route=%2Fwp%2Fv2%2Ftags&post=42405"}],"curies":[{"name":"wp","href":"https:\/\/api.w.org\/{rel}","templated":true}]}}