{"id":42401,"date":"2024-06-19T05:50:11","date_gmt":"2024-06-19T10:50:11","guid":{"rendered":"https:\/\/contraluzcucuta.co\/?p=42401"},"modified":"2024-06-19T05:50:11","modified_gmt":"2024-06-19T10:50:11","slug":"trata-de-personas-cucuta-trabaja-en-establecer-la-ruta-de-proteccion-y-asistencia","status":"publish","type":"post","link":"https:\/\/contraluzcucuta.co\/?p=42401","title":{"rendered":"TRATA DE PERSONAS. C\u00facuta trabaja en establecer la Ruta de Protecci\u00f3n y Asistencia"},"content":{"rendered":"<p style=\"padding-left: 40px; text-align: right;\"><strong><span style=\"color: #ff9900;\">C\u00daCUTA.- En un esfuerzo conjunto por combatir la trata de personas y brindar protecci\u00f3n y asistencia integral a las v\u00edctimas, en C\u00facuta se trabaja en establecer la Ruta de Protecci\u00f3n y Asistencia. El objetivo es que la v\u00edctima tenga claridad sobre d\u00f3nde acudir y qu\u00e9 acciones tomar para obtener ayuda.<\/span><\/strong><\/p>\n<p><a href=\"https:\/\/contraluzcucuta.co\/wp-content\/uploads\/2024\/06\/TRATA-DE-PERSONAS-4.jpg\"><img loading=\"lazy\" decoding=\"async\" class=\"alignnone  wp-image-42403 alignleft\" src=\"https:\/\/contraluzcucuta.co\/wp-content\/uploads\/2024\/06\/TRATA-DE-PERSONAS-4-300x225.jpg\" alt=\"\" width=\"247\" height=\"185\" srcset=\"https:\/\/contraluzcucuta.co\/wp-content\/uploads\/2024\/06\/TRATA-DE-PERSONAS-4-300x225.jpg 300w, https:\/\/contraluzcucuta.co\/wp-content\/uploads\/2024\/06\/TRATA-DE-PERSONAS-4-600x450.jpg 600w, https:\/\/contraluzcucuta.co\/wp-content\/uploads\/2024\/06\/TRATA-DE-PERSONAS-4-768x576.jpg 768w, https:\/\/contraluzcucuta.co\/wp-content\/uploads\/2024\/06\/TRATA-DE-PERSONAS-4.jpg 1024w\" sizes=\"auto, (max-width: 247px) 100vw, 247px\" \/><\/a><\/p>\n<p>La ruta proporcionar\u00e1 informaci\u00f3n detallada sobre los pasos que deben seguirse, los contactos relevantes y las entidades responsables para la atenci\u00f3n inmediata y el restablecimiento de derechos.<\/p>\n<p>En la \u2018Mesa de trabajo para la Formulaci\u00f3n, Socializaci\u00f3n y Aprobaci\u00f3n de la Ruta de Protecci\u00f3n y Asistencia a V\u00edctimas de Trata de Personas en C\u00facuta\u2019 participaron representantes de la Secretar\u00eda de Salud, la Polic\u00eda, la Secretar\u00eda de Gobierno y organizaciones civiles comprometidas con la defensa de los derechos humanos.<\/p>\n<p>\u201cDurante la sesi\u00f3n se socializ\u00f3 una propuesta preliminar de la ruta de atenci\u00f3n, la cual est\u00e1 siendo desarrollada con la asistencia t\u00e9cnica de la Agencia de Estados Unidos para el Desarrollo Internacional (USAID), para garantizar su eficacia y pertinencia\u201d, manifest\u00f3 Betania Pedraza, delegada del comit\u00e9 de trata de personas en la capital nortesantandereana.<\/p>\n<p>Se resalt\u00f3 la importancia de incluir en el proceso a las aseguradoras, en este caso las EPS y a las IPS del municipio, porque tienen la funci\u00f3n espec\u00edfica de garantizar la atenci\u00f3n en salud integral a los y las sobrevivientes de este flagelo.<\/p>\n<p>Grecia Mar\u00eda P\u00e9rez Guerra, profesional especializada de la Secretar\u00eda de Salud, expres\u00f3 que \u201cadelantamos las acciones necesarias para garantizar la inspecci\u00f3n, la vigilancia y el control. Adem\u00e1s, somos el enlace para la atenci\u00f3n en salud que requieren los ciudadanos, en cumplimiento del marco normativo establecido\u201d.<\/p>\n","protected":false},"excerpt":{"rendered":"<p>C\u00daCUTA.- En un esfuerzo conjunto por combatir la trata de personas y brindar protecci\u00f3n y asistencia integral a las v\u00edctimas, en C\u00facuta se trabaja en establecer la Ruta de Protecci\u00f3n y Asistencia. El objetivo es que la v\u00edctima tenga claridad sobre d\u00f3nde acudir y qu\u00e9 acciones tomar para obtener ayuda. La ruta proporcionar\u00e1 informaci\u00f3n detallada &hellip;<\/p>\n","protected":false},"author":1,"featured_media":42402,"comment_status":"open","ping_status":"open","sticky":false,"template":"","format":"standard","meta":{"footnotes":""},"categories":[11,4],"tags":[1565,4615,3223],"class_list":["post-42401","post","type-post","status-publish","format-standard","has-post-thumbnail","hentry","category-cronica-roja","category-barra","tag-secretaria-de-salud-de-cucuta","tag-trata-de-personas","tag-usaid"],"_links":{"self":[{"href":"https:\/\/contraluzcucuta.co\/index.php?rest_route=\/wp\/v2\/posts\/42401","targetHints":{"allow":["GET"]}}],"collection":[{"href":"https:\/\/contraluzcucuta.co\/index.php?rest_route=\/wp\/v2\/posts"}],"about":[{"href":"https:\/\/contraluzcucuta.co\/index.php?rest_route=\/wp\/v2\/types\/post"}],"author":[{"embeddable":true,"href":"https:\/\/contraluzcucuta.co\/index.php?rest_route=\/wp\/v2\/users\/1"}],"replies":[{"embeddable":true,"href":"https:\/\/contraluzcucuta.co\/index.php?rest_route=%2Fwp%2Fv2%2Fcomments&post=42401"}],"version-history":[{"count":1,"href":"https:\/\/contraluzcucuta.co\/index.php?rest_route=\/wp\/v2\/posts\/42401\/revisions"}],"predecessor-version":[{"id":42404,"href":"https:\/\/contraluzcucuta.co\/index.php?rest_route=\/wp\/v2\/posts\/42401\/revisions\/42404"}],"wp:featuredmedia":[{"embeddable":true,"href":"https:\/\/contraluzcucuta.co\/index.php?rest_route=\/wp\/v2\/media\/42402"}],"wp:attachment":[{"href":"https:\/\/contraluzcucuta.co\/index.php?rest_route=%2Fwp%2Fv2%2Fmedia&parent=42401"}],"wp:term":[{"taxonomy":"category","embeddable":true,"href":"https:\/\/contraluzcucuta.co\/index.php?rest_route=%2Fwp%2Fv2%2Fcategories&post=42401"},{"taxonomy":"post_tag","embeddable":true,"href":"https:\/\/contraluzcucuta.co\/index.php?rest_route=%2Fwp%2Fv2%2Ftags&post=42401"}],"curies":[{"name":"wp","href":"https:\/\/api.w.org\/{rel}","templated":true}]}}