{"id":42388,"date":"2024-06-19T05:27:23","date_gmt":"2024-06-19T10:27:23","guid":{"rendered":"https:\/\/contraluzcucuta.co\/?p=42388"},"modified":"2024-06-19T05:27:23","modified_gmt":"2024-06-19T10:27:23","slug":"candidatas-al-reinado-del-cafe-profesionales-estudiantes-y-sonadoras","status":"publish","type":"post","link":"https:\/\/contraluzcucuta.co\/?p=42388","title":{"rendered":"CANDIDATAS AL REINADO DEL CAF\u00c9. Profesionales, estudiantes y so\u00f1adoras"},"content":{"rendered":"<p style=\"padding-left: 40px; text-align: right;\"><strong><span style=\"color: #ff9900;\">C\u00daCUTA.- Las seis candidatas al Reinado Departamental del Caf\u00e9 tienen en mente dar a conocer a sus municipios en Salazar de las Palmas, del 28 de junio al primera de julio. Cada una tiene la ilusi\u00f3n de regresar a casa con la corona ce\u00f1ida, para luego representar a Norte de Santander en el certamen nacional, en Calarc\u00e1 (Quind\u00edo).<\/span><\/strong><\/p>\n<p><a href=\"https:\/\/contraluzcucuta.co\/wp-content\/uploads\/2024\/06\/CANDIDATAS-DEL-CAFE-14.jpeg\"><img loading=\"lazy\" decoding=\"async\" class=\"alignnone  wp-image-42390 alignleft\" src=\"https:\/\/contraluzcucuta.co\/wp-content\/uploads\/2024\/06\/CANDIDATAS-DEL-CAFE-14-225x300.jpeg\" alt=\"\" width=\"140\" height=\"187\" srcset=\"https:\/\/contraluzcucuta.co\/wp-content\/uploads\/2024\/06\/CANDIDATAS-DEL-CAFE-14-225x300.jpeg 225w, https:\/\/contraluzcucuta.co\/wp-content\/uploads\/2024\/06\/CANDIDATAS-DEL-CAFE-14-600x800.jpeg 600w, https:\/\/contraluzcucuta.co\/wp-content\/uploads\/2024\/06\/CANDIDATAS-DEL-CAFE-14-768x1024.jpeg 768w, https:\/\/contraluzcucuta.co\/wp-content\/uploads\/2024\/06\/CANDIDATAS-DEL-CAFE-14-1152x1536.jpeg 1152w, https:\/\/contraluzcucuta.co\/wp-content\/uploads\/2024\/06\/CANDIDATAS-DEL-CAFE-14.jpeg 1200w\" sizes=\"auto, (max-width: 140px) 100vw, 140px\" \/><\/a><\/p>\n<p style=\"padding-left: 40px;\">\u00a0<strong>Julieth Rodr\u00edguez &#8211; Se\u00f1orita C\u00facuta<\/strong><\/p>\n<p>22 a\u00f1os \u2013 1,70 metros<\/p>\n<p>Estudiante de administraci\u00f3n de empresas \u2013 s\u00e9ptimo semestre<\/p>\n<p>Trabaja en una empresa en el \u00e1rea administrativa.<\/p>\n<p>Tengo un mensaje que dar y un prop\u00f3sito qu\u00e9 cumplir. Promover y preservar la cultura cafetera y las tradiciones, para que los j\u00f3venes hagan parte de este sector y para que contribuyan al crecimiento.<\/p>\n<p><a href=\"https:\/\/contraluzcucuta.co\/wp-content\/uploads\/2024\/06\/CANDIDATAS-DEL-CAFE-13.jpeg\"><img loading=\"lazy\" decoding=\"async\" class=\"alignnone  wp-image-42391 alignleft\" src=\"https:\/\/contraluzcucuta.co\/wp-content\/uploads\/2024\/06\/CANDIDATAS-DEL-CAFE-13-225x300.jpeg\" alt=\"\" width=\"116\" height=\"154\" srcset=\"https:\/\/contraluzcucuta.co\/wp-content\/uploads\/2024\/06\/CANDIDATAS-DEL-CAFE-13-225x300.jpeg 225w, https:\/\/contraluzcucuta.co\/wp-content\/uploads\/2024\/06\/CANDIDATAS-DEL-CAFE-13-600x800.jpeg 600w, https:\/\/contraluzcucuta.co\/wp-content\/uploads\/2024\/06\/CANDIDATAS-DEL-CAFE-13-768x1024.jpeg 768w, https:\/\/contraluzcucuta.co\/wp-content\/uploads\/2024\/06\/CANDIDATAS-DEL-CAFE-13-1152x1536.jpeg 1152w, https:\/\/contraluzcucuta.co\/wp-content\/uploads\/2024\/06\/CANDIDATAS-DEL-CAFE-13.jpeg 1200w\" sizes=\"auto, (max-width: 116px) 100vw, 116px\" \/><\/a><\/p>\n<p>&nbsp;<\/p>\n<p><strong>Dayra Liseth Becerra Bayona &#8211; Se\u00f1orita Los Patios<\/strong><\/p>\n<p>19 a\u00f1os &#8211; 1,72 metros<\/p>\n<p>Vieron en m\u00ed unas caracter\u00edsticas para llevar la corona a Salazar.<\/p>\n<p>&nbsp;<\/p>\n<p><a href=\"https:\/\/contraluzcucuta.co\/wp-content\/uploads\/2024\/06\/CANDIDATAS-DEL-CAFE-12.jpeg\"><img loading=\"lazy\" decoding=\"async\" class=\"alignnone  wp-image-42392 alignleft\" src=\"https:\/\/contraluzcucuta.co\/wp-content\/uploads\/2024\/06\/CANDIDATAS-DEL-CAFE-12-225x300.jpeg\" alt=\"\" width=\"142\" height=\"189\" srcset=\"https:\/\/contraluzcucuta.co\/wp-content\/uploads\/2024\/06\/CANDIDATAS-DEL-CAFE-12-225x300.jpeg 225w, https:\/\/contraluzcucuta.co\/wp-content\/uploads\/2024\/06\/CANDIDATAS-DEL-CAFE-12-600x800.jpeg 600w, https:\/\/contraluzcucuta.co\/wp-content\/uploads\/2024\/06\/CANDIDATAS-DEL-CAFE-12-768x1024.jpeg 768w, https:\/\/contraluzcucuta.co\/wp-content\/uploads\/2024\/06\/CANDIDATAS-DEL-CAFE-12-1152x1536.jpeg 1152w, https:\/\/contraluzcucuta.co\/wp-content\/uploads\/2024\/06\/CANDIDATAS-DEL-CAFE-12.jpeg 1200w\" sizes=\"auto, (max-width: 142px) 100vw, 142px\" \/><\/a><\/p>\n<p><strong>Valentina Sandoval Villamizar &#8211; Se\u00f1orita Bochalema<\/strong><\/p>\n<p>21 a\u00f1os (3 de julio) &#8211; 1,70 metros<\/p>\n<p>Estudiante de seguridad ocupacional, ayuda en los oficios de la casa y est\u00e1 dedicada ser reina del municipio.<\/p>\n<p>Quiero dar a conocer mi municipio, mostrar la cultura y la labor de los campesinos.<\/p>\n<p>&nbsp;<\/p>\n<p>&nbsp;<\/p>\n<p><a href=\"https:\/\/contraluzcucuta.co\/wp-content\/uploads\/2024\/06\/CANDIDATAS-DEL-CAFE-11.jpeg\"><img loading=\"lazy\" decoding=\"async\" class=\"alignnone  wp-image-42393 alignleft\" src=\"https:\/\/contraluzcucuta.co\/wp-content\/uploads\/2024\/06\/CANDIDATAS-DEL-CAFE-11-225x300.jpeg\" alt=\"\" width=\"141\" height=\"188\" srcset=\"https:\/\/contraluzcucuta.co\/wp-content\/uploads\/2024\/06\/CANDIDATAS-DEL-CAFE-11-225x300.jpeg 225w, https:\/\/contraluzcucuta.co\/wp-content\/uploads\/2024\/06\/CANDIDATAS-DEL-CAFE-11-600x800.jpeg 600w, https:\/\/contraluzcucuta.co\/wp-content\/uploads\/2024\/06\/CANDIDATAS-DEL-CAFE-11-768x1024.jpeg 768w, https:\/\/contraluzcucuta.co\/wp-content\/uploads\/2024\/06\/CANDIDATAS-DEL-CAFE-11-1152x1536.jpeg 1152w, https:\/\/contraluzcucuta.co\/wp-content\/uploads\/2024\/06\/CANDIDATAS-DEL-CAFE-11.jpeg 1200w\" sizes=\"auto, (max-width: 141px) 100vw, 141px\" \/><\/a><\/p>\n<p><strong>Yuleima Arenas &#8211; Se\u00f1orita \u00c1brego<\/strong><\/p>\n<p>23 a\u00f1os \u2013 1,70 metros<\/p>\n<p>Estudiante de noveno semestre de administraci\u00f3n p\u00fablica y a distancia, s\u00e9ptimo semestre de ingenier\u00eda de sistemas.<\/p>\n<p>Es importante resaltar la mano de obra de los agricultores, esa labor ardua que cumplen.<\/p>\n<p>&nbsp;<\/p>\n<p>&nbsp;<\/p>\n<p><a href=\"https:\/\/contraluzcucuta.co\/wp-content\/uploads\/2024\/06\/CANDIDATAS-DEL-CAFE-1.jpeg\"><img loading=\"lazy\" decoding=\"async\" class=\"alignnone  wp-image-42394 alignleft\" src=\"https:\/\/contraluzcucuta.co\/wp-content\/uploads\/2024\/06\/CANDIDATAS-DEL-CAFE-1-300x225.jpeg\" alt=\"\" width=\"171\" height=\"128\" srcset=\"https:\/\/contraluzcucuta.co\/wp-content\/uploads\/2024\/06\/CANDIDATAS-DEL-CAFE-1-300x225.jpeg 300w, https:\/\/contraluzcucuta.co\/wp-content\/uploads\/2024\/06\/CANDIDATAS-DEL-CAFE-1-600x450.jpeg 600w, https:\/\/contraluzcucuta.co\/wp-content\/uploads\/2024\/06\/CANDIDATAS-DEL-CAFE-1-1024x768.jpeg 1024w, https:\/\/contraluzcucuta.co\/wp-content\/uploads\/2024\/06\/CANDIDATAS-DEL-CAFE-1-768x576.jpeg 768w, https:\/\/contraluzcucuta.co\/wp-content\/uploads\/2024\/06\/CANDIDATAS-DEL-CAFE-1-1536x1152.jpeg 1536w, https:\/\/contraluzcucuta.co\/wp-content\/uploads\/2024\/06\/CANDIDATAS-DEL-CAFE-1.jpeg 1600w\" sizes=\"auto, (max-width: 171px) 100vw, 171px\" \/><\/a><\/p>\n<p><strong>Wendy Boh\u00f3rquez &#8211; Se\u00f1orita Villa del Rosario<\/strong><\/p>\n<p>20 a\u00f1os \u2013 1,80 metros<\/p>\n<p>Estudiante de s\u00e9ptimo semestre de comunicaci\u00f3n social<\/p>\n<p>El municipio es conocido por la rica historia y el patrimonio cultural. Se caracteriza por la gente trabajadora que se esfuerza, d\u00eda a d\u00eda, por el desarrollo de la regi\u00f3n.<\/p>\n<p><a href=\"https:\/\/contraluzcucuta.co\/wp-content\/uploads\/2024\/06\/CANDIDATAS-DEL-CAFE-15.jpeg\"><img loading=\"lazy\" decoding=\"async\" class=\"alignnone  wp-image-42395 alignleft\" src=\"https:\/\/contraluzcucuta.co\/wp-content\/uploads\/2024\/06\/CANDIDATAS-DEL-CAFE-15-225x300.jpeg\" alt=\"\" width=\"166\" height=\"221\" srcset=\"https:\/\/contraluzcucuta.co\/wp-content\/uploads\/2024\/06\/CANDIDATAS-DEL-CAFE-15-225x300.jpeg 225w, https:\/\/contraluzcucuta.co\/wp-content\/uploads\/2024\/06\/CANDIDATAS-DEL-CAFE-15-600x800.jpeg 600w, https:\/\/contraluzcucuta.co\/wp-content\/uploads\/2024\/06\/CANDIDATAS-DEL-CAFE-15-768x1024.jpeg 768w, https:\/\/contraluzcucuta.co\/wp-content\/uploads\/2024\/06\/CANDIDATAS-DEL-CAFE-15-1152x1536.jpeg 1152w, https:\/\/contraluzcucuta.co\/wp-content\/uploads\/2024\/06\/CANDIDATAS-DEL-CAFE-15.jpeg 1200w\" sizes=\"auto, (max-width: 166px) 100vw, 166px\" \/><\/a><\/p>\n<p><strong>Alicia Franshesca Granados C\u00e1rdenas &#8211; Se\u00f1orita Salazar<\/strong><\/p>\n<p>21 a\u00f1os &#8211; 1,70 metros<\/p>\n<p>Enfermera, estudiante de quinto semestre de dise\u00f1o de modas<\/p>\n<p>Soy del Carmen de Nazaret, tierra de caficultores. Amo el caf\u00e9 y me encanta la historia de Salazar.<\/p>\n<p>&nbsp;<\/p>\n<p>&nbsp;<\/p>\n<p><strong>RAFAEL ANTONIO PAB\u00d3N<\/strong><\/p>\n<p><strong><a href=\"mailto:rafaelpabon58@hotmail.co\">rafaelpabon58@hotmail.co<\/a>,<\/strong><\/p>\n","protected":false},"excerpt":{"rendered":"<p>C\u00daCUTA.- Las seis candidatas al Reinado Departamental del Caf\u00e9 tienen en mente dar a conocer a sus municipios en Salazar de las Palmas, del 28 de junio al primera de julio. Cada una tiene la ilusi\u00f3n de regresar a casa con la corona ce\u00f1ida, para luego representar a Norte de Santander en el certamen nacional, &hellip;<\/p>\n","protected":false},"author":1,"featured_media":42389,"comment_status":"open","ping_status":"open","sticky":false,"template":"","format":"standard","meta":{"footnotes":""},"categories":[4,32],"tags":[6429,1254],"class_list":["post-42388","post","type-post","status-publish","format-standard","has-post-thumbnail","hentry","category-barra","category-recorrido-por-la-region","tag-reinado-departamental-del-cafe","tag-salazar-de-las-palmas"],"_links":{"self":[{"href":"https:\/\/contraluzcucuta.co\/index.php?rest_route=\/wp\/v2\/posts\/42388","targetHints":{"allow":["GET"]}}],"collection":[{"href":"https:\/\/contraluzcucuta.co\/index.php?rest_route=\/wp\/v2\/posts"}],"about":[{"href":"https:\/\/contraluzcucuta.co\/index.php?rest_route=\/wp\/v2\/types\/post"}],"author":[{"embeddable":true,"href":"https:\/\/contraluzcucuta.co\/index.php?rest_route=\/wp\/v2\/users\/1"}],"replies":[{"embeddable":true,"href":"https:\/\/contraluzcucuta.co\/index.php?rest_route=%2Fwp%2Fv2%2Fcomments&post=42388"}],"version-history":[{"count":1,"href":"https:\/\/contraluzcucuta.co\/index.php?rest_route=\/wp\/v2\/posts\/42388\/revisions"}],"predecessor-version":[{"id":42396,"href":"https:\/\/contraluzcucuta.co\/index.php?rest_route=\/wp\/v2\/posts\/42388\/revisions\/42396"}],"wp:featuredmedia":[{"embeddable":true,"href":"https:\/\/contraluzcucuta.co\/index.php?rest_route=\/wp\/v2\/media\/42389"}],"wp:attachment":[{"href":"https:\/\/contraluzcucuta.co\/index.php?rest_route=%2Fwp%2Fv2%2Fmedia&parent=42388"}],"wp:term":[{"taxonomy":"category","embeddable":true,"href":"https:\/\/contraluzcucuta.co\/index.php?rest_route=%2Fwp%2Fv2%2Fcategories&post=42388"},{"taxonomy":"post_tag","embeddable":true,"href":"https:\/\/contraluzcucuta.co\/index.php?rest_route=%2Fwp%2Fv2%2Ftags&post=42388"}],"curies":[{"name":"wp","href":"https:\/\/api.w.org\/{rel}","templated":true}]}}