{"id":42381,"date":"2024-06-18T22:18:03","date_gmt":"2024-06-19T03:18:03","guid":{"rendered":"https:\/\/contraluzcucuta.co\/?p=42381"},"modified":"2024-06-18T22:18:03","modified_gmt":"2024-06-19T03:18:03","slug":"reinado-del-cafe-el-sueno-de-todas-es-ganar-la-corona","status":"publish","type":"post","link":"https:\/\/contraluzcucuta.co\/?p=42381","title":{"rendered":"REINADO DEL CAF\u00c9. El sue\u00f1o de todas es ganar la corona"},"content":{"rendered":"<p style=\"padding-left: 40px; text-align: right;\"><strong><span style=\"color: #ff9900;\">C\u00daCUTA.- Las candidatas al reinado departamental del caf\u00e9 tienen aprendida la historia del grano en el pa\u00eds. Recitan los pasajes que dan cuenta de la llegada y propagaci\u00f3n de los cultivos a Salazar. Saben que el sacerdote Francisco Romero pon\u00eda como penitencia a los feligreses la siembra del grano. Para aprenderse los datos investigaron y escudri\u00f1aron hasta confrontar la veracidad de los escritos.<\/span><\/strong><\/p>\n<p><a href=\"https:\/\/contraluzcucuta.co\/wp-content\/uploads\/2024\/06\/CANDIDATAS-DEL-CAFE-GRUPO-1.jpeg\"><img loading=\"lazy\" decoding=\"async\" class=\"alignnone  wp-image-42384 alignleft\" src=\"https:\/\/contraluzcucuta.co\/wp-content\/uploads\/2024\/06\/CANDIDATAS-DEL-CAFE-GRUPO-1-300x225.jpeg\" alt=\"\" width=\"248\" height=\"186\" srcset=\"https:\/\/contraluzcucuta.co\/wp-content\/uploads\/2024\/06\/CANDIDATAS-DEL-CAFE-GRUPO-1-300x225.jpeg 300w, https:\/\/contraluzcucuta.co\/wp-content\/uploads\/2024\/06\/CANDIDATAS-DEL-CAFE-GRUPO-1-600x450.jpeg 600w, https:\/\/contraluzcucuta.co\/wp-content\/uploads\/2024\/06\/CANDIDATAS-DEL-CAFE-GRUPO-1-1024x768.jpeg 1024w, https:\/\/contraluzcucuta.co\/wp-content\/uploads\/2024\/06\/CANDIDATAS-DEL-CAFE-GRUPO-1-768x576.jpeg 768w, https:\/\/contraluzcucuta.co\/wp-content\/uploads\/2024\/06\/CANDIDATAS-DEL-CAFE-GRUPO-1-1536x1152.jpeg 1536w, https:\/\/contraluzcucuta.co\/wp-content\/uploads\/2024\/06\/CANDIDATAS-DEL-CAFE-GRUPO-1.jpeg 1600w\" sizes=\"auto, (max-width: 248px) 100vw, 248px\" \/><\/a><\/p>\n<p>La ganadora representar\u00e1 a Norte de Santander en la 41 edici\u00f3n del Reinado Nacional del Caf\u00e9, Concurso de belleza y conocimiento sobre la cultura cafetera.<\/p>\n<p>Julieth Rodr\u00edguez, Se\u00f1orita C\u00facuta, es consciente de que el caf\u00e9 es uno de los pilares econ\u00f3micos de Colombia. Afirma que, por los beneficios que aporta al planeta, hay que ayudarlo.<\/p>\n<p>De Salazar conoce los sitios tur\u00edsticos y se considera con la experiencia y la capacidad para traerse el cetro y la corona para la capital del departamento.<\/p>\n<p>Dayra Liseth Becerra Bayona, Se\u00f1orita Los Patios, se santigua y habla con propiedad acerca del caf\u00e9 y de lo representativo que es para la econom\u00eda nacional. Es la segunda vez que este municipio tiene representante en el reinado.<\/p>\n<p>No ha tenido la oportunidad de conocer la sede del certamen de belleza, por eso manifest\u00f3 que tiene ansias de viajar y pasear por las calles salazare\u00f1as.<\/p>\n<p><a href=\"https:\/\/contraluzcucuta.co\/wp-content\/uploads\/2024\/06\/CANDIDATAS-DEL-CAFE-GRUPO-5.jpeg\"><img loading=\"lazy\" decoding=\"async\" class=\"alignnone  wp-image-42385 alignleft\" src=\"https:\/\/contraluzcucuta.co\/wp-content\/uploads\/2024\/06\/CANDIDATAS-DEL-CAFE-GRUPO-5-300x225.jpeg\" alt=\"\" width=\"249\" height=\"187\" srcset=\"https:\/\/contraluzcucuta.co\/wp-content\/uploads\/2024\/06\/CANDIDATAS-DEL-CAFE-GRUPO-5-300x225.jpeg 300w, https:\/\/contraluzcucuta.co\/wp-content\/uploads\/2024\/06\/CANDIDATAS-DEL-CAFE-GRUPO-5-600x450.jpeg 600w, https:\/\/contraluzcucuta.co\/wp-content\/uploads\/2024\/06\/CANDIDATAS-DEL-CAFE-GRUPO-5-1024x768.jpeg 1024w, https:\/\/contraluzcucuta.co\/wp-content\/uploads\/2024\/06\/CANDIDATAS-DEL-CAFE-GRUPO-5-768x576.jpeg 768w, https:\/\/contraluzcucuta.co\/wp-content\/uploads\/2024\/06\/CANDIDATAS-DEL-CAFE-GRUPO-5-1536x1152.jpeg 1536w, https:\/\/contraluzcucuta.co\/wp-content\/uploads\/2024\/06\/CANDIDATAS-DEL-CAFE-GRUPO-5.jpeg 1600w\" sizes=\"auto, (max-width: 249px) 100vw, 249px\" \/><\/a><\/p>\n<p>Valentina Sandoval Villamizar, Se\u00f1orita Bochalema, conoce que 370 hect\u00e1reas hay plantadas de caf\u00e9 en el municipio, en 18 veredas, entre las que se reparten 580 caficultores. Toma una taza de caf\u00e9 en la ma\u00f1ana y repite la dosis en la tarde para deleitarse con el aroma y el sabor.<\/p>\n<p>Los reinados de belleza, dijo, dan la oportunidad a la mujer para que se exprese, pierda los miedos y aprenda a cuidar el cuerpo. \u201cQuiero que conozcan a mi municipio. Somos reconocidos como bocalemas, por los ind\u00edgenas, y tenemos una historia muy linda y quiero que conozcan nuestra gastronom\u00eda.<\/p>\n<p>Yuleima Arenas, Se\u00f1orita \u00c1brego, dice con orgullo que su municipio es conocido como el Bello Valle, y sonr\u00ede. Del cultivo del caf\u00e9 se\u00f1ala que ha tra\u00eddo beneficios para el departamento, en particular, y el pa\u00eds, en general. Por fortuna, se han implementado los cultivos en tierra abreguense.<\/p>\n<p>Tuvo el honor de crecer en el campo y est\u00e1 familiarizada con estos asuntos del grano. En un momento le preocup\u00f3 que la historia del grano aparec\u00eda relegada y comenz\u00f3 a investigar para divulgarla entre la juventud.<\/p>\n<p><a href=\"https:\/\/contraluzcucuta.co\/wp-content\/uploads\/2024\/06\/CANDIDATAS-DEL-CAFE-GRUPO-3.jpeg\"><img loading=\"lazy\" decoding=\"async\" class=\"alignnone  wp-image-42386 alignleft\" src=\"https:\/\/contraluzcucuta.co\/wp-content\/uploads\/2024\/06\/CANDIDATAS-DEL-CAFE-GRUPO-3-300x225.jpeg\" alt=\"\" width=\"247\" height=\"185\" srcset=\"https:\/\/contraluzcucuta.co\/wp-content\/uploads\/2024\/06\/CANDIDATAS-DEL-CAFE-GRUPO-3-300x225.jpeg 300w, https:\/\/contraluzcucuta.co\/wp-content\/uploads\/2024\/06\/CANDIDATAS-DEL-CAFE-GRUPO-3-600x450.jpeg 600w, https:\/\/contraluzcucuta.co\/wp-content\/uploads\/2024\/06\/CANDIDATAS-DEL-CAFE-GRUPO-3-1024x768.jpeg 1024w, https:\/\/contraluzcucuta.co\/wp-content\/uploads\/2024\/06\/CANDIDATAS-DEL-CAFE-GRUPO-3-768x576.jpeg 768w, https:\/\/contraluzcucuta.co\/wp-content\/uploads\/2024\/06\/CANDIDATAS-DEL-CAFE-GRUPO-3-1536x1152.jpeg 1536w, https:\/\/contraluzcucuta.co\/wp-content\/uploads\/2024\/06\/CANDIDATAS-DEL-CAFE-GRUPO-3.jpeg 1600w\" sizes=\"auto, (max-width: 247px) 100vw, 247px\" \/><\/a><\/p>\n<p>Wendy Boh\u00f3rquez, Se\u00f1orita Villa del Rosario, no ocult\u00f3 la emoci\u00f3n por hacer parte del ramillete de candidatas al reinado departamental y resalt\u00f3 el deseo que ten\u00eda por conocer a las aspirantes al trono. Est\u00e1 segura de que en Salazar compartir\u00e1n experiencias y culturas.<\/p>\n<p>Destac\u00f3 que estos reinados les permiten mostrar el talento y la belleza a la reinas, y a los organizadores hacerles un homenaje a los cultivadores de caf\u00e9, porque detr\u00e1s de una taza hay mucho trabajo.<\/p>\n<p>Alicia Franshesca Granados C\u00e1rdenas, Se\u00f1orita Salazar, se siente orgullosa por vivir en la cuna del caf\u00e9 colombiano y por ser oriunda de donde se sembraron las primeras semillas. Ser campesina es otro orgullo y siente el apoyo de la gente del municipio.<\/p>\n<p>Como anfitriona les dice a sus compa\u00f1eras de aventura en el reinado que se empapen de la historia, que disfruten del certamen, que tengan en cuenta lo que representa el caf\u00e9 y el sentido de pertenencia por el cultivo.<\/p>\n<p><strong>RAFAEL ANTONIO PAB\u00d3N<\/strong><\/p>\n<p><strong><a href=\"mailto:rafaelpabon58@hotmail.com\">rafaelpabon58@hotmail.com<\/a><\/strong><\/p>\n<p>&nbsp;<\/p>\n","protected":false},"excerpt":{"rendered":"<p>C\u00daCUTA.- Las candidatas al reinado departamental del caf\u00e9 tienen aprendida la historia del grano en el pa\u00eds. Recitan los pasajes que dan cuenta de la llegada y propagaci\u00f3n de los cultivos a Salazar. Saben que el sacerdote Francisco Romero pon\u00eda como penitencia a los feligreses la siembra del grano. Para aprenderse los datos investigaron y &hellip;<\/p>\n","protected":false},"author":1,"featured_media":42383,"comment_status":"open","ping_status":"open","sticky":false,"template":"","format":"standard","meta":{"footnotes":""},"categories":[45,4],"tags":[6428,6429,1254],"class_list":["post-42381","post","type-post","status-publish","format-standard","has-post-thumbnail","hentry","category-destacado","category-barra","tag-fiestas-en-salazar","tag-reinado-departamental-del-cafe","tag-salazar-de-las-palmas"],"_links":{"self":[{"href":"https:\/\/contraluzcucuta.co\/index.php?rest_route=\/wp\/v2\/posts\/42381","targetHints":{"allow":["GET"]}}],"collection":[{"href":"https:\/\/contraluzcucuta.co\/index.php?rest_route=\/wp\/v2\/posts"}],"about":[{"href":"https:\/\/contraluzcucuta.co\/index.php?rest_route=\/wp\/v2\/types\/post"}],"author":[{"embeddable":true,"href":"https:\/\/contraluzcucuta.co\/index.php?rest_route=\/wp\/v2\/users\/1"}],"replies":[{"embeddable":true,"href":"https:\/\/contraluzcucuta.co\/index.php?rest_route=%2Fwp%2Fv2%2Fcomments&post=42381"}],"version-history":[{"count":1,"href":"https:\/\/contraluzcucuta.co\/index.php?rest_route=\/wp\/v2\/posts\/42381\/revisions"}],"predecessor-version":[{"id":42387,"href":"https:\/\/contraluzcucuta.co\/index.php?rest_route=\/wp\/v2\/posts\/42381\/revisions\/42387"}],"wp:featuredmedia":[{"embeddable":true,"href":"https:\/\/contraluzcucuta.co\/index.php?rest_route=\/wp\/v2\/media\/42383"}],"wp:attachment":[{"href":"https:\/\/contraluzcucuta.co\/index.php?rest_route=%2Fwp%2Fv2%2Fmedia&parent=42381"}],"wp:term":[{"taxonomy":"category","embeddable":true,"href":"https:\/\/contraluzcucuta.co\/index.php?rest_route=%2Fwp%2Fv2%2Fcategories&post=42381"},{"taxonomy":"post_tag","embeddable":true,"href":"https:\/\/contraluzcucuta.co\/index.php?rest_route=%2Fwp%2Fv2%2Ftags&post=42381"}],"curies":[{"name":"wp","href":"https:\/\/api.w.org\/{rel}","templated":true}]}}