{"id":42378,"date":"2024-06-18T04:11:19","date_gmt":"2024-06-18T09:11:19","guid":{"rendered":"https:\/\/contraluzcucuta.co\/?p=42378"},"modified":"2024-06-18T04:11:19","modified_gmt":"2024-06-18T09:11:19","slug":"primera-mesa-de-seguridad-los-comunales-van-a-ser-mas-visibles","status":"publish","type":"post","link":"https:\/\/contraluzcucuta.co\/?p=42378","title":{"rendered":"PRIMERA MESA DE SEGURIDAD. Los comunales van a ser m\u00e1s visibles"},"content":{"rendered":"<p style=\"padding-left: 40px; text-align: right;\"><strong><span style=\"color: #ff9900;\">C\u00daCUTA.- \u201c\u2026 pues estar\u00e1n dentro del proceso de la institucionalidad\u201d, dijo el presidente de la Federaci\u00f3n Comunal del Norte de Santander, F\u00e9lix Rojas Vega, en la instalaci\u00f3n de la Primera Mesa de Seguridad Comunal.<\/span><\/strong><\/p>\n<p>Las secretar\u00edas de Desarrollo Social, V\u00edctimas y Posconflicto, y Seguridad Ciudadana unieron esfuerzos para dar cumplimiento a la Resoluci\u00f3n 0301 de marzo de 2024, del Ministerio del Interior. De esta manera se crea un espacio de an\u00e1lisis, seguimiento, cumplimiento, evaluaci\u00f3n y recomendaci\u00f3n de las garant\u00edas de seguridad para el ejercicio de la labor de los dignatarios y los afiliados a Organismos de Acci\u00f3n Comunal.<\/p>\n<p>Contribuir\u00e1 a la organizaci\u00f3n, promoci\u00f3n y capacitaci\u00f3n de las asociaciones profesionales, c\u00edvicas, sindicales, comunitarias y juveniles, con el objeto que constituyan mecanismos democr\u00e1ticos de representaci\u00f3n en las instancias de participaci\u00f3n, concertaci\u00f3n, control y vigilancia.<\/p>\n<p>\u201cSe plasmaron todas las inquietudes con respecto a la seguridad que vienen present\u00e1ndose a nivel de nuestro departamento, aquellas amenazas que se han dado a nuestros comunales\u201d, dijo el secretario de Desarrollo Social, Frank Garc\u00eda.<\/p>\n<p>En la jornada se evidenciaron hechos de los que son v\u00edctimas los miembros de las juntas de acci\u00f3n comunal en el departamento y se socializaron acciones y rutas de atenci\u00f3n para mejorar la situaci\u00f3n de seguridad.<\/p>\n","protected":false},"excerpt":{"rendered":"<p>C\u00daCUTA.- \u201c\u2026 pues estar\u00e1n dentro del proceso de la institucionalidad\u201d, dijo el presidente de la Federaci\u00f3n Comunal del Norte de Santander, F\u00e9lix Rojas Vega, en la instalaci\u00f3n de la Primera Mesa de Seguridad Comunal. Las secretar\u00edas de Desarrollo Social, V\u00edctimas y Posconflicto, y Seguridad Ciudadana unieron esfuerzos para dar cumplimiento a la Resoluci\u00f3n 0301 de &hellip;<\/p>\n","protected":false},"author":1,"featured_media":42379,"comment_status":"open","ping_status":"open","sticky":false,"template":"","format":"standard","meta":{"footnotes":""},"categories":[4,36],"tags":[],"class_list":["post-42378","post","type-post","status-publish","format-standard","has-post-thumbnail","hentry","category-barra","category-la-voz-del-pueblo"],"_links":{"self":[{"href":"https:\/\/contraluzcucuta.co\/index.php?rest_route=\/wp\/v2\/posts\/42378","targetHints":{"allow":["GET"]}}],"collection":[{"href":"https:\/\/contraluzcucuta.co\/index.php?rest_route=\/wp\/v2\/posts"}],"about":[{"href":"https:\/\/contraluzcucuta.co\/index.php?rest_route=\/wp\/v2\/types\/post"}],"author":[{"embeddable":true,"href":"https:\/\/contraluzcucuta.co\/index.php?rest_route=\/wp\/v2\/users\/1"}],"replies":[{"embeddable":true,"href":"https:\/\/contraluzcucuta.co\/index.php?rest_route=%2Fwp%2Fv2%2Fcomments&post=42378"}],"version-history":[{"count":1,"href":"https:\/\/contraluzcucuta.co\/index.php?rest_route=\/wp\/v2\/posts\/42378\/revisions"}],"predecessor-version":[{"id":42380,"href":"https:\/\/contraluzcucuta.co\/index.php?rest_route=\/wp\/v2\/posts\/42378\/revisions\/42380"}],"wp:featuredmedia":[{"embeddable":true,"href":"https:\/\/contraluzcucuta.co\/index.php?rest_route=\/wp\/v2\/media\/42379"}],"wp:attachment":[{"href":"https:\/\/contraluzcucuta.co\/index.php?rest_route=%2Fwp%2Fv2%2Fmedia&parent=42378"}],"wp:term":[{"taxonomy":"category","embeddable":true,"href":"https:\/\/contraluzcucuta.co\/index.php?rest_route=%2Fwp%2Fv2%2Fcategories&post=42378"},{"taxonomy":"post_tag","embeddable":true,"href":"https:\/\/contraluzcucuta.co\/index.php?rest_route=%2Fwp%2Fv2%2Ftags&post=42378"}],"curies":[{"name":"wp","href":"https:\/\/api.w.org\/{rel}","templated":true}]}}