{"id":42375,"date":"2024-06-18T03:58:13","date_gmt":"2024-06-18T08:58:13","guid":{"rendered":"https:\/\/contraluzcucuta.co\/?p=42375"},"modified":"2024-06-18T03:58:13","modified_gmt":"2024-06-18T08:58:13","slug":"mi-colombia-digital-gobierno-invierte-en-tecnologia-para-cucuta","status":"publish","type":"post","link":"https:\/\/contraluzcucuta.co\/?p=42375","title":{"rendered":"Mi Colombia Digital. Gobierno invierte en tecnolog\u00eda para C\u00facuta"},"content":{"rendered":"<p style=\"padding-left: 40px; text-align: right;\"><strong><span style=\"color: #ff9900;\">C\u00daCUTA.- Las \u00e1reas rurales de C\u00facuta se ver\u00e1n beneficiadas por los programas que se implementar\u00e1n a partir de la inversi\u00f3n que har\u00e1 el Ministerio de las Tecnolog\u00edas, la Informaci\u00f3n y las Comunicaciones. El secretario municipal de las TIC, Miguel Becerra, se\u00f1al\u00f3 que la administraci\u00f3n municipal ha trabajado con el ministro Mauricio Lizcano para poner en marcha esos programas.<\/span><\/strong><\/p>\n<p>\u201cDesde la oficina TIC se busca el aprovechamiento de la oferta institucional para obtener recursos del Estado\u201d, dijo Becerra. El apoyo estar\u00e1 representado en programas relacionados con conectividad, ciudades inteligentes y formaci\u00f3n en TIC.<\/p>\n<p>El ministro Lizcano visit\u00f3, el 14 de junio, el colegio integrado Juan Atalaya y ante 1500 estudiantes, directivos y docentes de Norte de Santander anunci\u00f3 la entrega de 229 sedes electr\u00f3nicas para instituciones p\u00fablicas de C\u00facuta y Norte de Santander. El programa Mi Colombia Digital permitir\u00e1 a las comunidades educativas beneficiadas acceder a internet y contenidos pedag\u00f3gicos innovadores que facilitar\u00e1n el aprendizaje y la conexi\u00f3n con el Estado.<\/p>\n<p>El ministro Mauricio Lizcano, tambi\u00e9n, present\u00f3 el programa Vive un sector p\u00fablico digital, destinado a ofrecer formaci\u00f3n gratuita a los servidores p\u00fablicos del territorio nacional para fortalecer las capacidades comunicativas y mejorar los procesos en las entidades p\u00fablicas.<\/p>\n","protected":false},"excerpt":{"rendered":"<p>C\u00daCUTA.- Las \u00e1reas rurales de C\u00facuta se ver\u00e1n beneficiadas por los programas que se implementar\u00e1n a partir de la inversi\u00f3n que har\u00e1 el Ministerio de las Tecnolog\u00edas, la Informaci\u00f3n y las Comunicaciones. El secretario municipal de las TIC, Miguel Becerra, se\u00f1al\u00f3 que la administraci\u00f3n municipal ha trabajado con el ministro Mauricio Lizcano para poner en &hellip;<\/p>\n","protected":false},"author":1,"featured_media":42376,"comment_status":"open","ping_status":"open","sticky":false,"template":"","format":"standard","meta":{"footnotes":""},"categories":[2625,4],"tags":[6421,6427,3799,3314],"class_list":["post-42375","post","type-post","status-publish","format-standard","has-post-thumbnail","hentry","category-alcaldia-de-cucuta","category-barra","tag-mauricio-lizcano","tag-mi-colombia-digital","tag-mintic","tag-secretaria-de-las-tic"],"_links":{"self":[{"href":"https:\/\/contraluzcucuta.co\/index.php?rest_route=\/wp\/v2\/posts\/42375","targetHints":{"allow":["GET"]}}],"collection":[{"href":"https:\/\/contraluzcucuta.co\/index.php?rest_route=\/wp\/v2\/posts"}],"about":[{"href":"https:\/\/contraluzcucuta.co\/index.php?rest_route=\/wp\/v2\/types\/post"}],"author":[{"embeddable":true,"href":"https:\/\/contraluzcucuta.co\/index.php?rest_route=\/wp\/v2\/users\/1"}],"replies":[{"embeddable":true,"href":"https:\/\/contraluzcucuta.co\/index.php?rest_route=%2Fwp%2Fv2%2Fcomments&post=42375"}],"version-history":[{"count":1,"href":"https:\/\/contraluzcucuta.co\/index.php?rest_route=\/wp\/v2\/posts\/42375\/revisions"}],"predecessor-version":[{"id":42377,"href":"https:\/\/contraluzcucuta.co\/index.php?rest_route=\/wp\/v2\/posts\/42375\/revisions\/42377"}],"wp:featuredmedia":[{"embeddable":true,"href":"https:\/\/contraluzcucuta.co\/index.php?rest_route=\/wp\/v2\/media\/42376"}],"wp:attachment":[{"href":"https:\/\/contraluzcucuta.co\/index.php?rest_route=%2Fwp%2Fv2%2Fmedia&parent=42375"}],"wp:term":[{"taxonomy":"category","embeddable":true,"href":"https:\/\/contraluzcucuta.co\/index.php?rest_route=%2Fwp%2Fv2%2Fcategories&post=42375"},{"taxonomy":"post_tag","embeddable":true,"href":"https:\/\/contraluzcucuta.co\/index.php?rest_route=%2Fwp%2Fv2%2Ftags&post=42375"}],"curies":[{"name":"wp","href":"https:\/\/api.w.org\/{rel}","templated":true}]}}