{"id":42372,"date":"2024-06-18T03:43:27","date_gmt":"2024-06-18T08:43:27","guid":{"rendered":"https:\/\/contraluzcucuta.co\/?p=42372"},"modified":"2024-06-18T03:43:27","modified_gmt":"2024-06-18T08:43:27","slug":"centro-tecnologico-inscripciones-abiertas-para-programas-tecnicos","status":"publish","type":"post","link":"https:\/\/contraluzcucuta.co\/?p=42372","title":{"rendered":"CENTRO TECNOL\u00d3GICO. Inscripciones abiertas para programas t\u00e9cnicos"},"content":{"rendered":"<p style=\"padding-left: 40px; text-align: right;\"><strong><span style=\"color: #ff9900;\">C\u00daCUTA.-Los j\u00f3venes cucute\u00f1os podr\u00e1n formarse en programas t\u00e9cnicos y tecnol\u00f3gicos, que responden a las necesidades laborales de la ciudad. El Centro Tecnol\u00f3gico de C\u00facuta mantendr\u00e1 abiertas las inscripciones hasta el 21 de junio. La oferta acad\u00e9mica, para el segundo semestre, cuenta con programas en formaci\u00f3n digital, entrenamiento deportivo, patronaje industrial y atenci\u00f3n a primera infancia, entre otros.<\/span><\/strong><\/p>\n<p>El CTC ofrece a los mayores de 16 a\u00f1os, con grado noveno de bachillerato aprobado y sisb\u00e9n categor\u00eda A y B, educaci\u00f3n gratuita. El financiamiento corre por cuenta la administraci\u00f3n municipal.<\/p>\n<p>\u201cEste es un esfuerzo qued\u00f3 contemplado en el Plan de Desarrollo. La educaci\u00f3n es una prioridad y la instituci\u00f3n est\u00e1 para apoyar a los j\u00f3venes cucute\u00f1os\u201d, dijo Edwin Duarte, director del Centro Tecnol\u00f3gico de C\u00facuta.<\/p>\n<p>Para acceder al servicio educativo no se necesitan intermediarios. El Centro Tecnol\u00f3gico est\u00e1 comprometido con el desarrollo de la regi\u00f3n, por medio de la educaci\u00f3n.<\/p>\n","protected":false},"excerpt":{"rendered":"<p>C\u00daCUTA.-Los j\u00f3venes cucute\u00f1os podr\u00e1n formarse en programas t\u00e9cnicos y tecnol\u00f3gicos, que responden a las necesidades laborales de la ciudad. El Centro Tecnol\u00f3gico de C\u00facuta mantendr\u00e1 abiertas las inscripciones hasta el 21 de junio. La oferta acad\u00e9mica, para el segundo semestre, cuenta con programas en formaci\u00f3n digital, entrenamiento deportivo, patronaje industrial y atenci\u00f3n a primera infancia, &hellip;<\/p>\n","protected":false},"author":1,"featured_media":42373,"comment_status":"open","ping_status":"open","sticky":false,"template":"","format":"standard","meta":{"footnotes":""},"categories":[74,4],"tags":[226,2945,6426],"class_list":["post-42372","post","type-post","status-publish","format-standard","has-post-thumbnail","hentry","category-aula-universitaria","category-barra","tag-alcaldia-de-cucuta","tag-centro-tecnologico-de-cucuta","tag-ctc"],"_links":{"self":[{"href":"https:\/\/contraluzcucuta.co\/index.php?rest_route=\/wp\/v2\/posts\/42372","targetHints":{"allow":["GET"]}}],"collection":[{"href":"https:\/\/contraluzcucuta.co\/index.php?rest_route=\/wp\/v2\/posts"}],"about":[{"href":"https:\/\/contraluzcucuta.co\/index.php?rest_route=\/wp\/v2\/types\/post"}],"author":[{"embeddable":true,"href":"https:\/\/contraluzcucuta.co\/index.php?rest_route=\/wp\/v2\/users\/1"}],"replies":[{"embeddable":true,"href":"https:\/\/contraluzcucuta.co\/index.php?rest_route=%2Fwp%2Fv2%2Fcomments&post=42372"}],"version-history":[{"count":1,"href":"https:\/\/contraluzcucuta.co\/index.php?rest_route=\/wp\/v2\/posts\/42372\/revisions"}],"predecessor-version":[{"id":42374,"href":"https:\/\/contraluzcucuta.co\/index.php?rest_route=\/wp\/v2\/posts\/42372\/revisions\/42374"}],"wp:featuredmedia":[{"embeddable":true,"href":"https:\/\/contraluzcucuta.co\/index.php?rest_route=\/wp\/v2\/media\/42373"}],"wp:attachment":[{"href":"https:\/\/contraluzcucuta.co\/index.php?rest_route=%2Fwp%2Fv2%2Fmedia&parent=42372"}],"wp:term":[{"taxonomy":"category","embeddable":true,"href":"https:\/\/contraluzcucuta.co\/index.php?rest_route=%2Fwp%2Fv2%2Fcategories&post=42372"},{"taxonomy":"post_tag","embeddable":true,"href":"https:\/\/contraluzcucuta.co\/index.php?rest_route=%2Fwp%2Fv2%2Ftags&post=42372"}],"curies":[{"name":"wp","href":"https:\/\/api.w.org\/{rel}","templated":true}]}}