{"id":42359,"date":"2024-06-15T04:38:12","date_gmt":"2024-06-15T09:38:12","guid":{"rendered":"https:\/\/contraluzcucuta.co\/?p=42359"},"modified":"2024-06-15T04:38:12","modified_gmt":"2024-06-15T09:38:12","slug":"equipos-basicos-de-salud-norte-de-santander-tendra-participacion-economica","status":"publish","type":"post","link":"https:\/\/contraluzcucuta.co\/?p=42359","title":{"rendered":"EQUIPOS B\u00c1SICOS DE SALUD. Norte de Santander tendr\u00e1 participaci\u00f3n econ\u00f3mica"},"content":{"rendered":"<p style=\"padding-left: 40px; text-align: right;\"><strong><span style=\"color: #ff9900;\">BOGOT\u00c1.- A Norte de Santander corresponder\u00e1 algo de los $ 513.000 millones que el Gobierno asign\u00f3 a las Empresas Sociales del Estado (ESE) que llevar\u00e1n la atenci\u00f3n primaria de m\u00e9dicos, enfermeras y sic\u00f3logos a todos los rincones de Colombia. A\u00fan no se han especificados los municipios favorecidos con estos dineros.<\/span><\/strong><\/p>\n<p>Los recursos se dedicar\u00e1n al fortalecimiento de la atenci\u00f3n primaria en salud en Antioquia, Arauca, Meta, Vichada, Nari\u00f1o, Caldas, Cundinamarca, Valle del Cauca, Cauca, Tolima, Nari\u00f1o, Casanare, Norte de Santander, Santander, Magdalena, Cesar, Bol\u00edvar, Quind\u00edo, Caquet\u00e1, Risaralda, Boyac\u00e1 y La Guajira, y los Distritos Santa Marta, San Andr\u00e9s, Santiago de Cali y Buenaventura. Se trata de financiar, conformar y operar equipos b\u00e1sicos de salud.<\/p>\n<p>Los recursos se girar\u00e1n a cada ESE, que contratar\u00e1n el talento humano organizado en equipos. Los grupos multidisciplinarios tendr\u00e1n que ser motivados, suficientes y cualificados, como respuesta a las barreras identificadas en la operaci\u00f3n del Sistema General de Seguridad Social en Salud.<\/p>\n<p>Los equipos b\u00e1sicos de salud est\u00e1n conformados por auxiliares y profesionales de enfermer\u00eda, m\u00e9dicos, psic\u00f3logos y otros, que garantizar\u00e1n el derecho a la salud de los colombianos.<\/p>\n","protected":false},"excerpt":{"rendered":"<p>BOGOT\u00c1.- A Norte de Santander corresponder\u00e1 algo de los $ 513.000 millones que el Gobierno asign\u00f3 a las Empresas Sociales del Estado (ESE) que llevar\u00e1n la atenci\u00f3n primaria de m\u00e9dicos, enfermeras y sic\u00f3logos a todos los rincones de Colombia. A\u00fan no se han especificados los municipios favorecidos con estos dineros. Los recursos se dedicar\u00e1n al &hellip;<\/p>\n","protected":false},"author":1,"featured_media":42360,"comment_status":"open","ping_status":"open","sticky":false,"template":"","format":"standard","meta":{"footnotes":""},"categories":[4,32],"tags":[6189,6200],"class_list":["post-42359","post","type-post","status-publish","format-standard","has-post-thumbnail","hentry","category-barra","category-recorrido-por-la-region","tag-empresas-sociales-del-estado","tag-ese-norte-de-santander"],"_links":{"self":[{"href":"https:\/\/contraluzcucuta.co\/index.php?rest_route=\/wp\/v2\/posts\/42359","targetHints":{"allow":["GET"]}}],"collection":[{"href":"https:\/\/contraluzcucuta.co\/index.php?rest_route=\/wp\/v2\/posts"}],"about":[{"href":"https:\/\/contraluzcucuta.co\/index.php?rest_route=\/wp\/v2\/types\/post"}],"author":[{"embeddable":true,"href":"https:\/\/contraluzcucuta.co\/index.php?rest_route=\/wp\/v2\/users\/1"}],"replies":[{"embeddable":true,"href":"https:\/\/contraluzcucuta.co\/index.php?rest_route=%2Fwp%2Fv2%2Fcomments&post=42359"}],"version-history":[{"count":1,"href":"https:\/\/contraluzcucuta.co\/index.php?rest_route=\/wp\/v2\/posts\/42359\/revisions"}],"predecessor-version":[{"id":42361,"href":"https:\/\/contraluzcucuta.co\/index.php?rest_route=\/wp\/v2\/posts\/42359\/revisions\/42361"}],"wp:featuredmedia":[{"embeddable":true,"href":"https:\/\/contraluzcucuta.co\/index.php?rest_route=\/wp\/v2\/media\/42360"}],"wp:attachment":[{"href":"https:\/\/contraluzcucuta.co\/index.php?rest_route=%2Fwp%2Fv2%2Fmedia&parent=42359"}],"wp:term":[{"taxonomy":"category","embeddable":true,"href":"https:\/\/contraluzcucuta.co\/index.php?rest_route=%2Fwp%2Fv2%2Fcategories&post=42359"},{"taxonomy":"post_tag","embeddable":true,"href":"https:\/\/contraluzcucuta.co\/index.php?rest_route=%2Fwp%2Fv2%2Ftags&post=42359"}],"curies":[{"name":"wp","href":"https:\/\/api.w.org\/{rel}","templated":true}]}}