{"id":42354,"date":"2024-06-14T21:12:04","date_gmt":"2024-06-15T02:12:04","guid":{"rendered":"https:\/\/contraluzcucuta.co\/?p=42354"},"modified":"2024-06-14T21:12:04","modified_gmt":"2024-06-15T02:12:04","slug":"anuncios-ministeriales-55-000-millones-para-las-tic-en-norte-de-santander","status":"publish","type":"post","link":"https:\/\/contraluzcucuta.co\/?p=42354","title":{"rendered":"ANUNCIOS MINISTERIALES. $ 55.000 millones para las TIC en Norte de Santander"},"content":{"rendered":"<p style=\"padding-left: 40px; text-align: right;\"><strong><span style=\"color: #ff9900;\">C\u00daCUTA.- El ministro de las Tecnolog\u00edas, la Informaci\u00f3n y las Comunicaciones (TIC), Mauricio Lizcano, vino a C\u00facuta cargado de proyectos y recursos para poner a Norte de Santander a la vanguardia de los avances tecnol\u00f3gicos. <\/span><\/strong><\/p>\n<p><a href=\"https:\/\/contraluzcucuta.co\/wp-content\/uploads\/2024\/06\/MINISTRO-DE-LAS-TIC-8.jpg\"><img loading=\"lazy\" decoding=\"async\" class=\"alignnone  wp-image-42356 alignleft\" src=\"https:\/\/contraluzcucuta.co\/wp-content\/uploads\/2024\/06\/MINISTRO-DE-LAS-TIC-8-300x270.jpg\" alt=\"\" width=\"247\" height=\"222\" srcset=\"https:\/\/contraluzcucuta.co\/wp-content\/uploads\/2024\/06\/MINISTRO-DE-LAS-TIC-8-300x270.jpg 300w, https:\/\/contraluzcucuta.co\/wp-content\/uploads\/2024\/06\/MINISTRO-DE-LAS-TIC-8-600x539.jpg 600w, https:\/\/contraluzcucuta.co\/wp-content\/uploads\/2024\/06\/MINISTRO-DE-LAS-TIC-8.jpg 693w\" sizes=\"auto, (max-width: 247px) 100vw, 247px\" \/><\/a><\/p>\n<p>Los anuncios ministeriales comenzaron con la inversi\u00f3n de $ 55.752 millones distribuidos as\u00ed:<\/p>\n<ul>\n<li>$15.000 millones para construir 110 Zonas comunitarias para la paz en los municipios PDET. Incluye wifi gratuito en los colegios. Est\u00e1 en implementaci\u00f3n. Est\u00e1 contratado.<\/li>\n<li>$ 30.171 millones para conectar 228 sedes educativas en 19 municipios. En varios habr\u00e1 internet satelital de alta velocidad. Los ni\u00f1os tendr\u00e1n acceso a lo \u00faltimo en tecnolog\u00eda.<\/li>\n<li>$ 15.000 millones se invertir\u00e1n en centros de formaci\u00f3n en inteligencia artificial. Hay tres seleccionados en C\u00facuta. La intenci\u00f3n es llegar a ocho para llevar m\u00e1s tecnolog\u00eda a otros municipios.<\/li>\n<\/ul>\n<p>Luego, manifest\u00f3 que, en julio, el Ministerio traer\u00e1 al departamento el programa did\u00e1ctico en forma de Talento Tech. En Centros de Tecnolog\u00eda los j\u00f3venes y cualquier ciudadano podr\u00e1 formarse en programaci\u00f3n, en cuatro meses. Ochenta por ciento de ruta del empelo y obtener ingresos superiores al mill\u00f3n de pesos, as\u00ed no sean profesionales.<\/p>\n<p><a href=\"https:\/\/contraluzcucuta.co\/wp-content\/uploads\/2024\/06\/MINISTRO-DE-LAS-TIC-3.jpg\"><img loading=\"lazy\" decoding=\"async\" class=\"alignnone  wp-image-42357 alignleft\" src=\"https:\/\/contraluzcucuta.co\/wp-content\/uploads\/2024\/06\/MINISTRO-DE-LAS-TIC-3-300x233.jpg\" alt=\"\" width=\"248\" height=\"193\" srcset=\"https:\/\/contraluzcucuta.co\/wp-content\/uploads\/2024\/06\/MINISTRO-DE-LAS-TIC-3-300x233.jpg 300w, https:\/\/contraluzcucuta.co\/wp-content\/uploads\/2024\/06\/MINISTRO-DE-LAS-TIC-3-600x466.jpg 600w, https:\/\/contraluzcucuta.co\/wp-content\/uploads\/2024\/06\/MINISTRO-DE-LAS-TIC-3-768x597.jpg 768w, https:\/\/contraluzcucuta.co\/wp-content\/uploads\/2024\/06\/MINISTRO-DE-LAS-TIC-3.jpg 981w\" sizes=\"auto, (max-width: 248px) 100vw, 248px\" \/><\/a><\/p>\n<p>\u201cEl programa est\u00e1 en la etapa de licitaci\u00f3n y aumentar\u00e1 el nivel de empleabilidad y formaci\u00f3n en TIC\u201d, dijo el ministro Lizcano.<\/p>\n<p>Otros programas que se pondr\u00e1n en marcha en Norte de Santander son:<\/p>\n<ul>\n<li>Permitir\u00e1 a los estudiantes de 10 y 11 que se hagan tecn\u00f3logos y bachilleres.<\/li>\n<li>Colombia Programa. Formaci\u00f3n en programaci\u00f3n y pensamiento computacional, dise\u00f1ado para educar a 11.200 docentes y 896.000 ni\u00f1os y j\u00f3venes en el pa\u00eds para 2026.<\/li>\n<\/ul>\n<p>En menos de tres semanas, el ministro Lizcano regresar\u00e1 para visitar a Pamplona, en compa\u00f1\u00eda de los presidentes de las empresas de telefon\u00eda celular para mejorar la se\u00f1al en Norte de Santander. \u201cVamos a obligar a las empresas a que tienen que cumplir la labor de prestar un buen servicio\u201d.<\/p>\n<p>Mauricio Lizcano estuvo acompa\u00f1ado, en el momento de los anuncios, del gobernador William Villamizar y los congresistas Wilmer Carrillo y Ciro Rodr\u00edguez.<\/p>\n","protected":false},"excerpt":{"rendered":"<p>C\u00daCUTA.- El ministro de las Tecnolog\u00edas, la Informaci\u00f3n y las Comunicaciones (TIC), Mauricio Lizcano, vino a C\u00facuta cargado de proyectos y recursos para poner a Norte de Santander a la vanguardia de los avances tecnol\u00f3gicos. Los anuncios ministeriales comenzaron con la inversi\u00f3n de $ 55.752 millones distribuidos as\u00ed: $15.000 millones para construir 110 Zonas comunitarias &hellip;<\/p>\n","protected":false},"author":1,"featured_media":42355,"comment_status":"open","ping_status":"open","sticky":false,"template":"","format":"standard","meta":{"footnotes":""},"categories":[4,6],"tags":[379,6423,1561,4819],"class_list":["post-42354","post","type-post","status-publish","format-standard","has-post-thumbnail","hentry","category-barra","category-ojo-avizor","tag-gobernacion-de-norte-de-santander","tag-mauricio-lozano","tag-ministerio-de-las-tic","tag-municipios-pdet"],"_links":{"self":[{"href":"https:\/\/contraluzcucuta.co\/index.php?rest_route=\/wp\/v2\/posts\/42354","targetHints":{"allow":["GET"]}}],"collection":[{"href":"https:\/\/contraluzcucuta.co\/index.php?rest_route=\/wp\/v2\/posts"}],"about":[{"href":"https:\/\/contraluzcucuta.co\/index.php?rest_route=\/wp\/v2\/types\/post"}],"author":[{"embeddable":true,"href":"https:\/\/contraluzcucuta.co\/index.php?rest_route=\/wp\/v2\/users\/1"}],"replies":[{"embeddable":true,"href":"https:\/\/contraluzcucuta.co\/index.php?rest_route=%2Fwp%2Fv2%2Fcomments&post=42354"}],"version-history":[{"count":1,"href":"https:\/\/contraluzcucuta.co\/index.php?rest_route=\/wp\/v2\/posts\/42354\/revisions"}],"predecessor-version":[{"id":42358,"href":"https:\/\/contraluzcucuta.co\/index.php?rest_route=\/wp\/v2\/posts\/42354\/revisions\/42358"}],"wp:featuredmedia":[{"embeddable":true,"href":"https:\/\/contraluzcucuta.co\/index.php?rest_route=\/wp\/v2\/media\/42355"}],"wp:attachment":[{"href":"https:\/\/contraluzcucuta.co\/index.php?rest_route=%2Fwp%2Fv2%2Fmedia&parent=42354"}],"wp:term":[{"taxonomy":"category","embeddable":true,"href":"https:\/\/contraluzcucuta.co\/index.php?rest_route=%2Fwp%2Fv2%2Fcategories&post=42354"},{"taxonomy":"post_tag","embeddable":true,"href":"https:\/\/contraluzcucuta.co\/index.php?rest_route=%2Fwp%2Fv2%2Ftags&post=42354"}],"curies":[{"name":"wp","href":"https:\/\/api.w.org\/{rel}","templated":true}]}}