{"id":42351,"date":"2024-06-14T21:00:47","date_gmt":"2024-06-15T02:00:47","guid":{"rendered":"https:\/\/contraluzcucuta.co\/?p=42351"},"modified":"2024-06-14T21:00:47","modified_gmt":"2024-06-15T02:00:47","slug":"mintic-en-cucuta-la-plata-de-centros-poblados-se-perdio-se-la-robaron","status":"publish","type":"post","link":"https:\/\/contraluzcucuta.co\/?p=42351","title":{"rendered":"MINTIC EN C\u00daCUTA. \u201cLa plata (de Centros Poblados) se perdi\u00f3, se la robaron\u201d"},"content":{"rendered":"<p style=\"padding-left: 40px; text-align: right;\"><strong><span style=\"color: #ff9900;\">C\u00daCUTA.- As\u00ed de manera categ\u00f3rica respondi\u00f3 el ministro de las TIC, Mauricio Lizcano, al ser consultado acerca de los $ 70.000 millones festinados en la administraci\u00f3n central pasada. El vocero del alto gobierno visit\u00f3 a C\u00facuta este 14 de junio.<\/span><\/strong><\/p>\n<ul>\n<li><em>En junio de 2021, se conoci\u00f3 que la Uni\u00f3n Temporal \u2013 Centros Poblados present\u00f3 garant\u00edas bancarias falsas con el fin de quedarse con el millonario contrato de MinTic para conectar a poblaciones vulnerables en zonas rurales de Colombia, y que implic\u00f3 adem\u00e1s el giro irregular de un anticipo por $70.000 millones.<\/em> (Transparencia por Colombia)<\/li>\n<\/ul>\n<p>Hasta ahora, los recursos no se han devuelto, a pesar del esc\u00e1ndalo suscitado por la desaparici\u00f3n de los recursos con los que se pretend\u00eda comprar equipos de tecnolog\u00eda.<\/p>\n<p>A rengl\u00f3n seguido, el ministro Lizcano anunci\u00f3 que ten\u00eda una gran noticia para el pa\u00eds. \u201cEl programa lo salvamos\u201d, dijo, y explic\u00f3 que el gobierno volvi\u00f3 a poner la plata, aunque no revel\u00f3 la cifra. \u201cLas 14.000 escuelas que se iban a conectar, las estamos conectando\u201d. Record\u00f3 que cuando lleg\u00f3 a la cartera el programa estaba en el 22 % y hoy est\u00e1 en el 87 %.<\/p>\n<p>Asegur\u00f3 que est\u00e1n en el proceso de conexi\u00f3n de los establecimientos educativos. \u201cEstamos conectando 4000 en el pa\u00eds, vamos a llegar a 18.000. El otro a\u00f1o vamos a conectar m\u00e1s\u201d. Al t\u00e9rmino del Gobierno la cobertura, seg\u00fan la visi\u00f3n de Lizcano, ser\u00e1 del 70 %.<\/p>\n","protected":false},"excerpt":{"rendered":"<p>C\u00daCUTA.- As\u00ed de manera categ\u00f3rica respondi\u00f3 el ministro de las TIC, Mauricio Lizcano, al ser consultado acerca de los $ 70.000 millones festinados en la administraci\u00f3n central pasada. El vocero del alto gobierno visit\u00f3 a C\u00facuta este 14 de junio. En junio de 2021, se conoci\u00f3 que la Uni\u00f3n Temporal \u2013 Centros Poblados present\u00f3 garant\u00edas &hellip;<\/p>\n","protected":false},"author":1,"featured_media":42352,"comment_status":"open","ping_status":"open","sticky":false,"template":"","format":"standard","meta":{"footnotes":""},"categories":[4,36],"tags":[6422,6421,6420],"class_list":["post-42351","post","type-post","status-publish","format-standard","has-post-thumbnail","hentry","category-barra","category-la-voz-del-pueblo","tag-centros-poblados","tag-mauricio-lizcano","tag-ministro-de-las-tic"],"_links":{"self":[{"href":"https:\/\/contraluzcucuta.co\/index.php?rest_route=\/wp\/v2\/posts\/42351","targetHints":{"allow":["GET"]}}],"collection":[{"href":"https:\/\/contraluzcucuta.co\/index.php?rest_route=\/wp\/v2\/posts"}],"about":[{"href":"https:\/\/contraluzcucuta.co\/index.php?rest_route=\/wp\/v2\/types\/post"}],"author":[{"embeddable":true,"href":"https:\/\/contraluzcucuta.co\/index.php?rest_route=\/wp\/v2\/users\/1"}],"replies":[{"embeddable":true,"href":"https:\/\/contraluzcucuta.co\/index.php?rest_route=%2Fwp%2Fv2%2Fcomments&post=42351"}],"version-history":[{"count":1,"href":"https:\/\/contraluzcucuta.co\/index.php?rest_route=\/wp\/v2\/posts\/42351\/revisions"}],"predecessor-version":[{"id":42353,"href":"https:\/\/contraluzcucuta.co\/index.php?rest_route=\/wp\/v2\/posts\/42351\/revisions\/42353"}],"wp:featuredmedia":[{"embeddable":true,"href":"https:\/\/contraluzcucuta.co\/index.php?rest_route=\/wp\/v2\/media\/42352"}],"wp:attachment":[{"href":"https:\/\/contraluzcucuta.co\/index.php?rest_route=%2Fwp%2Fv2%2Fmedia&parent=42351"}],"wp:term":[{"taxonomy":"category","embeddable":true,"href":"https:\/\/contraluzcucuta.co\/index.php?rest_route=%2Fwp%2Fv2%2Fcategories&post=42351"},{"taxonomy":"post_tag","embeddable":true,"href":"https:\/\/contraluzcucuta.co\/index.php?rest_route=%2Fwp%2Fv2%2Ftags&post=42351"}],"curies":[{"name":"wp","href":"https:\/\/api.w.org\/{rel}","templated":true}]}}