{"id":42340,"date":"2024-06-14T04:23:29","date_gmt":"2024-06-14T09:23:29","guid":{"rendered":"https:\/\/contraluzcucuta.co\/?p=42340"},"modified":"2024-06-14T04:23:29","modified_gmt":"2024-06-14T09:23:29","slug":"cucuta-segura-despliegue-militar-en-las-comunas-4-y-5","status":"publish","type":"post","link":"https:\/\/contraluzcucuta.co\/?p=42340","title":{"rendered":"C\u00daCUTA SEGURA. Despliegue militar en las comunas 4 y 5"},"content":{"rendered":"<p style=\"padding-left: 40px; text-align: right;\"><strong><span style=\"color: #ff9900;\">C\u00daCUTA.- Unidades militares adscritas al Batall\u00f3n de Fuerzas Especiales Urbanas No 2 y Gaula Militar recorrieron, anoche, los barrios Prados del Norte y Prados del Este, en las comunas 4 y 5. El objetivo es garantizar la tranquilidad y el orden de los cucute\u00f1os.<\/span><\/strong><\/p>\n<p><a href=\"https:\/\/contraluzcucuta.co\/wp-content\/uploads\/2024\/06\/DESPLIEGUE-MILITAR-4.jpg\"><img loading=\"lazy\" decoding=\"async\" class=\"alignnone  wp-image-42342 alignleft\" src=\"https:\/\/contraluzcucuta.co\/wp-content\/uploads\/2024\/06\/DESPLIEGUE-MILITAR-4-300x169.jpg\" alt=\"\" width=\"249\" height=\"140\" srcset=\"https:\/\/contraluzcucuta.co\/wp-content\/uploads\/2024\/06\/DESPLIEGUE-MILITAR-4-300x169.jpg 300w, https:\/\/contraluzcucuta.co\/wp-content\/uploads\/2024\/06\/DESPLIEGUE-MILITAR-4-600x338.jpg 600w, https:\/\/contraluzcucuta.co\/wp-content\/uploads\/2024\/06\/DESPLIEGUE-MILITAR-4-1024x576.jpg 1024w, https:\/\/contraluzcucuta.co\/wp-content\/uploads\/2024\/06\/DESPLIEGUE-MILITAR-4-768x432.jpg 768w, https:\/\/contraluzcucuta.co\/wp-content\/uploads\/2024\/06\/DESPLIEGUE-MILITAR-4-1536x864.jpg 1536w, https:\/\/contraluzcucuta.co\/wp-content\/uploads\/2024\/06\/DESPLIEGUE-MILITAR-4.jpg 1600w\" sizes=\"auto, (max-width: 249px) 100vw, 249px\" \/><\/a><\/p>\n<p>El alcalde Jorge Acevedo destac\u00f3 el fortalecimiento de las capacidades institucionales y formul\u00f3 un llamado al Gobierno. \u201cNecesitamos que nos ayuden con el Batall\u00f3n de Polic\u00eda Militar, es importante. Ayer, logramos cuatro capturas de AK-47 y aunque estamos enfrent\u00e1ndonos a las bandas, necesitamos apoyo\u201d.<\/p>\n<p>El secretario de Seguridad Ciudadana, Diego Villamizar, indic\u00f3 que el despliegue militar se llevar\u00e1 a cabo de manera permanente en las comunas. \u201cTrabajamos de manera conjunta con el Ej\u00e9rcito para llegar a todos los sectores, generar un impacto de presencia institucional junto a la Polic\u00eda Metropolitana y recuperar las zonas tomadas por la delincuencia\u201d.<\/p>\n<p>Las acciones se desarrollan en cumplimiento de los programas de prevenci\u00f3n del homicidio, la extorsi\u00f3n y el hurto. \u201cVer al Ej\u00e9rcito en las calles es garant\u00eda para nuestra seguridad. Como ciudadanos debemos unirnos y respaldar a nuestra fuerza p\u00fablica\u201d, dijo una residente en Prados del Norte.<\/p>\n<p>El Gaula Militar y los Gestores de Seguridad adelantan una campa\u00f1a pedag\u00f3gica para prevenir la extorsi\u00f3n. Invitan a comerciantes y ciudadanos a denunciar estos hechos.<\/p>\n","protected":false},"excerpt":{"rendered":"<p>C\u00daCUTA.- Unidades militares adscritas al Batall\u00f3n de Fuerzas Especiales Urbanas No 2 y Gaula Militar recorrieron, anoche, los barrios Prados del Norte y Prados del Este, en las comunas 4 y 5. El objetivo es garantizar la tranquilidad y el orden de los cucute\u00f1os. El alcalde Jorge Acevedo destac\u00f3 el fortalecimiento de las capacidades institucionales &hellip;<\/p>\n","protected":false},"author":1,"featured_media":42341,"comment_status":"open","ping_status":"open","sticky":false,"template":"","format":"standard","meta":{"footnotes":""},"categories":[11,4],"tags":[226,6416,6414,6415,299,6250],"class_list":["post-42340","post","type-post","status-publish","format-standard","has-post-thumbnail","hentry","category-cronica-roja","category-barra","tag-alcaldia-de-cucuta","tag-batallon-de-fuerzas-especiales-urbanas","tag-cucuta-segura","tag-despliegue-militar","tag-ejercito-de-colombia","tag-gaula-militar"],"_links":{"self":[{"href":"https:\/\/contraluzcucuta.co\/index.php?rest_route=\/wp\/v2\/posts\/42340","targetHints":{"allow":["GET"]}}],"collection":[{"href":"https:\/\/contraluzcucuta.co\/index.php?rest_route=\/wp\/v2\/posts"}],"about":[{"href":"https:\/\/contraluzcucuta.co\/index.php?rest_route=\/wp\/v2\/types\/post"}],"author":[{"embeddable":true,"href":"https:\/\/contraluzcucuta.co\/index.php?rest_route=\/wp\/v2\/users\/1"}],"replies":[{"embeddable":true,"href":"https:\/\/contraluzcucuta.co\/index.php?rest_route=%2Fwp%2Fv2%2Fcomments&post=42340"}],"version-history":[{"count":1,"href":"https:\/\/contraluzcucuta.co\/index.php?rest_route=\/wp\/v2\/posts\/42340\/revisions"}],"predecessor-version":[{"id":42343,"href":"https:\/\/contraluzcucuta.co\/index.php?rest_route=\/wp\/v2\/posts\/42340\/revisions\/42343"}],"wp:featuredmedia":[{"embeddable":true,"href":"https:\/\/contraluzcucuta.co\/index.php?rest_route=\/wp\/v2\/media\/42341"}],"wp:attachment":[{"href":"https:\/\/contraluzcucuta.co\/index.php?rest_route=%2Fwp%2Fv2%2Fmedia&parent=42340"}],"wp:term":[{"taxonomy":"category","embeddable":true,"href":"https:\/\/contraluzcucuta.co\/index.php?rest_route=%2Fwp%2Fv2%2Fcategories&post=42340"},{"taxonomy":"post_tag","embeddable":true,"href":"https:\/\/contraluzcucuta.co\/index.php?rest_route=%2Fwp%2Fv2%2Ftags&post=42340"}],"curies":[{"name":"wp","href":"https:\/\/api.w.org\/{rel}","templated":true}]}}