{"id":42337,"date":"2024-06-14T04:06:42","date_gmt":"2024-06-14T09:06:42","guid":{"rendered":"https:\/\/contraluzcucuta.co\/?p=42337"},"modified":"2024-06-14T04:06:42","modified_gmt":"2024-06-14T09:06:42","slug":"el-catatumbo-2803-desaparecidos-cifras-oficiales","status":"publish","type":"post","link":"https:\/\/contraluzcucuta.co\/?p=42337","title":{"rendered":"EL CATATUMBO. 2803 desaparecidos, cifras oficiales"},"content":{"rendered":"<p style=\"padding-left: 40px; text-align: right;\"><strong><span style=\"color: #ff9900;\">C\u00daCUTA.- \u00bfSab\u00eda que en la regi\u00f3n del Catatumbo hay 2803 desaparecidos, en cifras oficiales de la Unidad de B\u00fasqueda de Personas dadas por Desaparecidas, en desarrollo del conflicto armado?<\/span><\/strong><\/p>\n<p>El proyecto Fortalecimiento de la participaci\u00f3n comunitaria en la b\u00fasqueda humanitaria y extrajudicial de personas dadas por desaparecidas en El Catatumbo cuenta con apoyo del Fondo Multidonante de las Naciones Unidas para la Paz.<\/p>\n<p>Ascamcat \u2013 Oficial impulsa la participaci\u00f3n de las comunidades de la regi\u00f3n, juntas de acci\u00f3n comunal, comit\u00e9s veredales y corregimentales en la b\u00fasqueda humanitaria y extrajudicial de personas dadas por desaparecidas. Las actividades generadas est\u00e1n centradas en el contexto del proyecto para recolectar informaci\u00f3n de los afectados, individual y colectivamente.<\/p>\n<p>La Unidad de B\u00fasqueda de Personas dadas por Desaparecidas naci\u00f3 del Acuerdo de Paz del 2016. En el punto 5 se asignan las funciones de dirigir, coordinar y contribuir a la b\u00fasqueda de personas dadas por desaparecidas. El objetivo es resarcir el dolor de las v\u00edctimas del conflicto armado en la construcci\u00f3n de la Verdad, justicia, reparaci\u00f3n y no repetici\u00f3n.<\/p>\n","protected":false},"excerpt":{"rendered":"<p>C\u00daCUTA.- \u00bfSab\u00eda que en la regi\u00f3n del Catatumbo hay 2803 desaparecidos, en cifras oficiales de la Unidad de B\u00fasqueda de Personas dadas por Desaparecidas, en desarrollo del conflicto armado? El proyecto Fortalecimiento de la participaci\u00f3n comunitaria en la b\u00fasqueda humanitaria y extrajudicial de personas dadas por desaparecidas en El Catatumbo cuenta con apoyo del Fondo &hellip;<\/p>\n","protected":false},"author":1,"featured_media":42338,"comment_status":"open","ping_status":"open","sticky":false,"template":"","format":"standard","meta":{"footnotes":""},"categories":[4,6],"tags":[3193,246,5778],"class_list":["post-42337","post","type-post","status-publish","format-standard","has-post-thumbnail","hentry","category-barra","category-ojo-avizor","tag-acuerdo-de-paz","tag-el-catatumbo","tag-unidad-de-busqueda-de-personas"],"_links":{"self":[{"href":"https:\/\/contraluzcucuta.co\/index.php?rest_route=\/wp\/v2\/posts\/42337","targetHints":{"allow":["GET"]}}],"collection":[{"href":"https:\/\/contraluzcucuta.co\/index.php?rest_route=\/wp\/v2\/posts"}],"about":[{"href":"https:\/\/contraluzcucuta.co\/index.php?rest_route=\/wp\/v2\/types\/post"}],"author":[{"embeddable":true,"href":"https:\/\/contraluzcucuta.co\/index.php?rest_route=\/wp\/v2\/users\/1"}],"replies":[{"embeddable":true,"href":"https:\/\/contraluzcucuta.co\/index.php?rest_route=%2Fwp%2Fv2%2Fcomments&post=42337"}],"version-history":[{"count":1,"href":"https:\/\/contraluzcucuta.co\/index.php?rest_route=\/wp\/v2\/posts\/42337\/revisions"}],"predecessor-version":[{"id":42339,"href":"https:\/\/contraluzcucuta.co\/index.php?rest_route=\/wp\/v2\/posts\/42337\/revisions\/42339"}],"wp:featuredmedia":[{"embeddable":true,"href":"https:\/\/contraluzcucuta.co\/index.php?rest_route=\/wp\/v2\/media\/42338"}],"wp:attachment":[{"href":"https:\/\/contraluzcucuta.co\/index.php?rest_route=%2Fwp%2Fv2%2Fmedia&parent=42337"}],"wp:term":[{"taxonomy":"category","embeddable":true,"href":"https:\/\/contraluzcucuta.co\/index.php?rest_route=%2Fwp%2Fv2%2Fcategories&post=42337"},{"taxonomy":"post_tag","embeddable":true,"href":"https:\/\/contraluzcucuta.co\/index.php?rest_route=%2Fwp%2Fv2%2Ftags&post=42337"}],"curies":[{"name":"wp","href":"https:\/\/api.w.org\/{rel}","templated":true}]}}