{"id":42333,"date":"2024-06-14T03:55:35","date_gmt":"2024-06-14T08:55:35","guid":{"rendered":"https:\/\/contraluzcucuta.co\/?p=42333"},"modified":"2024-06-14T03:55:35","modified_gmt":"2024-06-14T08:55:35","slug":"adios-a-la-lena-gas-natural-llega-a-6037-hogares-de-cucuta-y-el-area-metropolitana","status":"publish","type":"post","link":"https:\/\/contraluzcucuta.co\/?p=42333","title":{"rendered":"ADI\u00d3S A LA LE\u00d1A. Gas natural llega a 6037 hogares de C\u00facuta y el \u00c1rea Metropolitana"},"content":{"rendered":"<p style=\"padding-left: 40px; text-align: right;\"><strong><span style=\"color: #ff9900;\">C\u00daCUTA.- 6037 hogares de C\u00facuta y el \u00c1rea Metropolitana hacen parte de las 13.547 familias colombianas de los estratos 1 y 2 que se conectar\u00e1n al servicio p\u00fablico de gas natural por medio de redes domiciliarias.<\/span><\/strong><\/p>\n<figure id=\"attachment_42335\" aria-describedby=\"caption-attachment-42335\" style=\"width: 252px\" class=\"wp-caption alignleft\"><a href=\"https:\/\/contraluzcucuta.co\/wp-content\/uploads\/2024\/06\/COCINA-CON-LENA-2.jpg\"><img loading=\"lazy\" decoding=\"async\" class=\" wp-image-42335\" src=\"https:\/\/contraluzcucuta.co\/wp-content\/uploads\/2024\/06\/COCINA-CON-LENA-2-300x200.jpg\" alt=\"\" width=\"252\" height=\"168\" srcset=\"https:\/\/contraluzcucuta.co\/wp-content\/uploads\/2024\/06\/COCINA-CON-LENA-2-300x200.jpg 300w, https:\/\/contraluzcucuta.co\/wp-content\/uploads\/2024\/06\/COCINA-CON-LENA-2-310x205.jpg 310w, https:\/\/contraluzcucuta.co\/wp-content\/uploads\/2024\/06\/COCINA-CON-LENA-2.jpg 600w\" sizes=\"auto, (max-width: 252px) 100vw, 252px\" \/><\/a><figcaption id=\"caption-attachment-42335\" class=\"wp-caption-text\"><em>Foto: Cocinas R\u00fasticas<\/em><\/figcaption><\/figure>\n<p>La alianza, que tendr\u00e1 vigencia de hasta dos a\u00f1os, ser\u00e1 ejecutada, en el 2024, por empresas comercializadoras de gas natural en cada regi\u00f3n. Ecopetrol e Invercolsa, filial del Grupo Ecopetrol, sellaron el compromiso estrat\u00e9gico.<\/p>\n<p>Los beneficiados tambi\u00e9n ser\u00e1n 6302 familias de Pasto (Nari\u00f1o) y 1208 usuarios de Floridablanca y Piedecuesta (Santander).<\/p>\n<p>Invercolsa se vincula con las distribuidoras Gases del Oriente, Alcanos y Metrogas, con un periodo de gracia de tres meses en el pago que deben efectuar sobre la instalaci\u00f3n interna y la reducci\u00f3n en la tasa de financiaci\u00f3n. Ecopetrol aporta recursos para la cofinanciaci\u00f3n del valor del derecho de conexi\u00f3n.<\/p>\n<p>\u201cEl gas social contribuye a reducir el n\u00famero de familias que a\u00fan cocinan con le\u00f1a, que son 1,6 millones\u201d, se\u00f1al\u00f3 David Ria\u00f1o, vicepresidente de Soluciones de Bajas Emisiones de Ecopetrol. Entre las prioridades del programa de Gas Social destacan reducir la pobreza, mejorar la calidad de vida de las comunidades, disminuir los riesgos en la salud de quienes usan le\u00f1a, carb\u00f3n y otros elementos para cocinar, y mejorar las condiciones socio econ\u00f3micas.<\/p>\n<p>Desde 2019, el Grupo Ecopetrol ha logrado conectar a m\u00e1s de 44.000 familias a la red de gas natural en 12 departamentos. La meta para el 2040 es conectar a 300.000.<\/p>\n","protected":false},"excerpt":{"rendered":"<p>C\u00daCUTA.- 6037 hogares de C\u00facuta y el \u00c1rea Metropolitana hacen parte de las 13.547 familias colombianas de los estratos 1 y 2 que se conectar\u00e1n al servicio p\u00fablico de gas natural por medio de redes domiciliarias. La alianza, que tendr\u00e1 vigencia de hasta dos a\u00f1os, ser\u00e1 ejecutada, en el 2024, por empresas comercializadoras de gas &hellip;<\/p>\n","protected":false},"author":1,"featured_media":42334,"comment_status":"open","ping_status":"open","sticky":false,"template":"","format":"standard","meta":{"footnotes":""},"categories":[4,36],"tags":[864,2157,4900,6413],"class_list":["post-42333","post","type-post","status-publish","format-standard","has-post-thumbnail","hentry","category-barra","category-la-voz-del-pueblo","tag-gas-natural","tag-gases-del-oriente","tag-grupo-ecopetrol","tag-invercolsa"],"_links":{"self":[{"href":"https:\/\/contraluzcucuta.co\/index.php?rest_route=\/wp\/v2\/posts\/42333","targetHints":{"allow":["GET"]}}],"collection":[{"href":"https:\/\/contraluzcucuta.co\/index.php?rest_route=\/wp\/v2\/posts"}],"about":[{"href":"https:\/\/contraluzcucuta.co\/index.php?rest_route=\/wp\/v2\/types\/post"}],"author":[{"embeddable":true,"href":"https:\/\/contraluzcucuta.co\/index.php?rest_route=\/wp\/v2\/users\/1"}],"replies":[{"embeddable":true,"href":"https:\/\/contraluzcucuta.co\/index.php?rest_route=%2Fwp%2Fv2%2Fcomments&post=42333"}],"version-history":[{"count":1,"href":"https:\/\/contraluzcucuta.co\/index.php?rest_route=\/wp\/v2\/posts\/42333\/revisions"}],"predecessor-version":[{"id":42336,"href":"https:\/\/contraluzcucuta.co\/index.php?rest_route=\/wp\/v2\/posts\/42333\/revisions\/42336"}],"wp:featuredmedia":[{"embeddable":true,"href":"https:\/\/contraluzcucuta.co\/index.php?rest_route=\/wp\/v2\/media\/42334"}],"wp:attachment":[{"href":"https:\/\/contraluzcucuta.co\/index.php?rest_route=%2Fwp%2Fv2%2Fmedia&parent=42333"}],"wp:term":[{"taxonomy":"category","embeddable":true,"href":"https:\/\/contraluzcucuta.co\/index.php?rest_route=%2Fwp%2Fv2%2Fcategories&post=42333"},{"taxonomy":"post_tag","embeddable":true,"href":"https:\/\/contraluzcucuta.co\/index.php?rest_route=%2Fwp%2Fv2%2Ftags&post=42333"}],"curies":[{"name":"wp","href":"https:\/\/api.w.org\/{rel}","templated":true}]}}