{"id":42299,"date":"2024-06-12T03:56:07","date_gmt":"2024-06-12T08:56:07","guid":{"rendered":"https:\/\/contraluzcucuta.co\/?p=42299"},"modified":"2024-06-12T03:56:07","modified_gmt":"2024-06-12T08:56:07","slug":"american-fest-130-000-visitantes-en-4-dias-de-feria","status":"publish","type":"post","link":"https:\/\/contraluzcucuta.co\/?p=42299","title":{"rendered":"AMERICAN FEST. 130.000 visitantes, en 4 d\u00edas de feria"},"content":{"rendered":"<p style=\"padding-left: 40px; text-align: right;\"><strong><span style=\"color: #ff9900;\">C\u00daCUTA.- 130.000 visitantes, r\u00e9cord para el evento, registr\u00f3 el American Fest, en el fin de semana. En la feria participaron 54 emprendedores de C\u00facuta, respaldados por la administraci\u00f3n municipal y se beneficiaron con la vitrina comercial.<\/span><\/strong><\/p>\n<p>Cucute\u00f1os y visitantes fueron testigos de los registros de ventas, la empleabilidad y la comercializaci\u00f3n en el recinto ferial. \u201cEstos espacios nos motivan a continuar con nuestros emprendimientos en momentos de crisis y nos ayudan a reactivar la econom\u00eda de la regi\u00f3n\u201d, indic\u00f3 Diana Rodr\u00edguez, de la l\u00ednea de productos naturales para el cuidado del cabello.<\/p>\n<p>Durante cinco d\u00edas, microempresarios de moda, gastronom\u00eda y artesan\u00edas vendieron 800 productos, originaron ventas por $ 78 millones y generaron 300 empleos directos y 150 indirectos.<\/p>\n<p>\u201cEste tipo de eventos son esenciales para nuestra ciudad, pues dinamizan la econom\u00eda\u201d, dijo Javier Chaves, secretario de Banco del Progreso de C\u00facuta.<\/p>\n","protected":false},"excerpt":{"rendered":"<p>C\u00daCUTA.- 130.000 visitantes, r\u00e9cord para el evento, registr\u00f3 el American Fest, en el fin de semana. En la feria participaron 54 emprendedores de C\u00facuta, respaldados por la administraci\u00f3n municipal y se beneficiaron con la vitrina comercial. Cucute\u00f1os y visitantes fueron testigos de los registros de ventas, la empleabilidad y la comercializaci\u00f3n en el recinto ferial. &hellip;<\/p>\n","protected":false},"author":1,"featured_media":42300,"comment_status":"open","ping_status":"open","sticky":false,"template":"","format":"standard","meta":{"footnotes":""},"categories":[4,36],"tags":[6399,6400],"class_list":["post-42299","post","type-post","status-publish","format-standard","has-post-thumbnail","hentry","category-barra","category-la-voz-del-pueblo","tag-american-fest","tag-banco-del-progreso-de-cucuta"],"_links":{"self":[{"href":"https:\/\/contraluzcucuta.co\/index.php?rest_route=\/wp\/v2\/posts\/42299","targetHints":{"allow":["GET"]}}],"collection":[{"href":"https:\/\/contraluzcucuta.co\/index.php?rest_route=\/wp\/v2\/posts"}],"about":[{"href":"https:\/\/contraluzcucuta.co\/index.php?rest_route=\/wp\/v2\/types\/post"}],"author":[{"embeddable":true,"href":"https:\/\/contraluzcucuta.co\/index.php?rest_route=\/wp\/v2\/users\/1"}],"replies":[{"embeddable":true,"href":"https:\/\/contraluzcucuta.co\/index.php?rest_route=%2Fwp%2Fv2%2Fcomments&post=42299"}],"version-history":[{"count":1,"href":"https:\/\/contraluzcucuta.co\/index.php?rest_route=\/wp\/v2\/posts\/42299\/revisions"}],"predecessor-version":[{"id":42301,"href":"https:\/\/contraluzcucuta.co\/index.php?rest_route=\/wp\/v2\/posts\/42299\/revisions\/42301"}],"wp:featuredmedia":[{"embeddable":true,"href":"https:\/\/contraluzcucuta.co\/index.php?rest_route=\/wp\/v2\/media\/42300"}],"wp:attachment":[{"href":"https:\/\/contraluzcucuta.co\/index.php?rest_route=%2Fwp%2Fv2%2Fmedia&parent=42299"}],"wp:term":[{"taxonomy":"category","embeddable":true,"href":"https:\/\/contraluzcucuta.co\/index.php?rest_route=%2Fwp%2Fv2%2Fcategories&post=42299"},{"taxonomy":"post_tag","embeddable":true,"href":"https:\/\/contraluzcucuta.co\/index.php?rest_route=%2Fwp%2Fv2%2Ftags&post=42299"}],"curies":[{"name":"wp","href":"https:\/\/api.w.org\/{rel}","templated":true}]}}